{"id":4915,"date":"2025-09-15T07:29:00","date_gmt":"2025-09-15T07:29:00","guid":{"rendered":"https:\/\/www.abchukuk.com\/index.php\/2025\/09\/15\/siyaset-ve-yargi-dunyasini-bulusturan-dugun\/"},"modified":"2025-09-15T07:29:00","modified_gmt":"2025-09-15T07:29:00","slug":"siyaset-ve-yargi-dunyasini-bulusturan-dugun","status":"publish","type":"post","link":"https:\/\/www.abchukuk.com\/index.php\/2025\/09\/15\/siyaset-ve-yargi-dunyasini-bulusturan-dugun\/","title":{"rendered":"Siyaset ve Yarg\u0131 D\u00fcnyas\u0131n\u0131 Bulu\u015fturan D\u00fc\u011f\u00fcn"},"content":{"rendered":"<p><a href=\"https:\/\/www.gercekgundem.com\/guncel\/siyaset-ve-yargi-dunyasini-bulusturan-dugun-555353\"><br \/>\n                                                            <img decoding=\"async\" src=\"https:\/\/i.gercekgundem.com\/2\/150\/84\/storage\/files\/images\/2025\/09\/15\/siyaset-ve-yargi-dunyasini-bulusturan-dugun-qijg.jpg\" width=\"150\" height=\"84\" border=\"0\" align=\"right\" \/><br \/>\n                                                    <\/a><\/p>\n<h4>Dan\u0131\u015ftay \u00dcyesi Halil Ko\u00e7\u2019un o\u011flu Ahmet Burhan Ko\u00e7 ile Ceyda Y\u0131lmaz d\u00fcnyaevine girdi. Nikah t\u00f6reninde Cumhurba\u015fkan\u0131 Yard\u0131mc\u0131s\u0131, eski Ba\u015fbakan ve \u00e7ok say\u0131da siyaset ile yarg\u0131 mensubu \u015fahitlik yapt\u0131. Nikah t\u00f6reninde Cumhurba\u015fkan\u0131 Erdo\u011fan&#8217;\u0131n tebrik mesaj\u0131 okundu.<\/h4>\n<p>Dan\u0131\u015ftay \u00dcyesi Halil Ko\u00e7\u2019un o\u011flu Ahmet Burhan Ko\u00e7 ile Ceyda Y\u0131lmaz d\u00fcnyaevine girdi. Nikah t\u00f6reninde Cumhurba\u015fkan\u0131 Yard\u0131mc\u0131s\u0131, eski Ba\u015fbakan ve \u00e7ok say\u0131da siyaset ile yarg\u0131 mensubu \u015fahitlik yapt\u0131. Nikah t\u00f6reninde Cumhurba\u015fkan\u0131 Erdo\u011fan&#8217;\u0131n tebrik mesaj\u0131 okundu.\u00a0<a href=\"https:\/\/www.gercekgundem.com\/guncel\/siyaset-ve-yargi-dunyasini-bulusturan-dugun-555353\" target=\"_blank\" class=\"feedzy-rss-link-icon\">Read More<\/a><\/p>","protected":false},"excerpt":{"rendered":"<p>Dan\u0131\u015ftay \u00dcyesi Halil Ko\u00e7\u2019un o\u011flu Ahmet Burhan Ko\u00e7 ile Ceyda Y\u0131lmaz d\u00fcnyaevine girdi. Nikah t\u00f6reninde Cumhurba\u015fkan\u0131 Yard\u0131mc\u0131s\u0131, eski Ba\u015fbakan ve \u00e7ok say\u0131da siyaset ile yarg\u0131 mensubu \u015fahitlik yapt\u0131. Nikah t\u00f6reninde Cumhurba\u015fkan\u0131 Erdo\u011fan&#8217;\u0131n tebrik mesaj\u0131 okundu. Dan\u0131\u015ftay \u00dcyesi Halil Ko\u00e7\u2019un o\u011flu Ahmet Burhan Ko\u00e7 ile Ceyda Y\u0131lmaz d\u00fcnyaevine girdi. Nikah t\u00f6reninde Cumhurba\u015fkan\u0131 Yard\u0131mc\u0131s\u0131, eski Ba\u015fbakan ve [&hellip;]<\/p>\n","protected":false},"author":1,"featured_media":4916,"comment_status":"open","ping_status":"open","sticky":false,"template":"","format":"standard","meta":{"footnotes":"","_links_to":"","_links_to_target":""},"categories":[1],"tags":[],"class_list":["post-4915","post","type-post","status-publish","format-standard","has-post-thumbnail","hentry","category-haberler"],"_links":{"self":[{"href":"https:\/\/www.abchukuk.com\/index.php\/wp-json\/wp\/v2\/posts\/4915","targetHints":{"allow":["GET"]}}],"collection":[{"href":"https:\/\/www.abchukuk.com\/index.php\/wp-json\/wp\/v2\/posts"}],"about":[{"href":"https:\/\/www.abchukuk.com\/index.php\/wp-json\/wp\/v2\/types\/post"}],"author":[{"embeddable":true,"href":"https:\/\/www.abchukuk.com\/index.php\/wp-json\/wp\/v2\/users\/1"}],"replies":[{"embeddable":true,"href":"https:\/\/www.abchukuk.com\/index.php\/wp-json\/wp\/v2\/comments?post=4915"}],"version-history":[{"count":0,"href":"https:\/\/www.abchukuk.com\/index.php\/wp-json\/wp\/v2\/posts\/4915\/revisions"}],"wp:featuredmedia":[{"embeddable":true,"href":"https:\/\/www.abchukuk.com\/index.php\/wp-json\/wp\/v2\/media\/4916"}],"wp:attachment":[{"href":"https:\/\/www.abchukuk.com\/index.php\/wp-json\/wp\/v2\/media?parent=4915"}],"wp:term":[{"taxonomy":"category","embeddable":true,"href":"https:\/\/www.abchukuk.com\/index.php\/wp-json\/wp\/v2\/categories?post=4915"},{"taxonomy":"post_tag","embeddable":true,"href":"https:\/\/www.abchukuk.com\/index.php\/wp-json\/wp\/v2\/tags?post=4915"}],"curies":[{"name":"wp","href":"https:\/\/api.w.org\/{rel}","templated":true}]}}