{"id":4913,"date":"2025-09-15T07:43:00","date_gmt":"2025-09-15T07:43:00","guid":{"rendered":"https:\/\/www.abchukuk.com\/index.php\/2025\/09\/15\/chpde-kritik-gun-ozgur-ozel-mykyi-topladi-mahkeme-kararini-bekliyor\/"},"modified":"2025-09-15T07:43:00","modified_gmt":"2025-09-15T07:43:00","slug":"chpde-kritik-gun-ozgur-ozel-mykyi-topladi-mahkeme-kararini-bekliyor","status":"publish","type":"post","link":"https:\/\/www.abchukuk.com\/index.php\/2025\/09\/15\/chpde-kritik-gun-ozgur-ozel-mykyi-topladi-mahkeme-kararini-bekliyor\/","title":{"rendered":"CHP\u2019de Kritik G\u00fcn: \u00d6zg\u00fcr \u00d6zel MYK&#8217;y\u0131 Toplad\u0131&#8230; Mahkeme Karar\u0131n\u0131 Bekliyor"},"content":{"rendered":"<p><a href=\"https:\/\/www.gercekgundem.com\/siyaset\/chpde-kritik-gun-ozgur-ozel-mykyi-topladi-mahkeme-kararini-bekliyor-555357\"><br \/>\n                                                            <img decoding=\"async\" src=\"https:\/\/i.gercekgundem.com\/2\/150\/84\/storage\/files\/images\/2025\/09\/15\/chpde-kritik-gun-ozgur-ozel-mykyi-topladi-mahkeme-kararini-bekliyor-xigm.jpg\" width=\"150\" height=\"84\" border=\"0\" align=\"right\" \/><br \/>\n                                                    <\/a><\/p>\n<h4>CHP&#8217;nin 38&#8217;inci Ola\u011fan ve 21&#8217;inci Ola\u011fan\u00fcst\u00fc Kurultaylar\u0131n\u0131n iptali istemiyle a\u00e7\u0131lan dava duru\u015fmas\u0131 devam ederken CHP MYK, Genel Ba\u015fkan \u00d6zg\u00fcr \u00d6zel ba\u015fkanl\u0131\u011f\u0131nda topland\u0131.<\/h4>\n<p>CHP&#8217;nin 38&#8217;inci Ola\u011fan ve 21&#8217;inci Ola\u011fan\u00fcst\u00fc Kurultaylar\u0131n\u0131n iptali istemiyle a\u00e7\u0131lan dava duru\u015fmas\u0131 devam ederken CHP MYK, Genel Ba\u015fkan \u00d6zg\u00fcr \u00d6zel ba\u015fkanl\u0131\u011f\u0131nda topland\u0131.\u00a0<a href=\"https:\/\/www.gercekgundem.com\/siyaset\/chpde-kritik-gun-ozgur-ozel-mykyi-topladi-mahkeme-kararini-bekliyor-555357\" target=\"_blank\" class=\"feedzy-rss-link-icon\">Read More<\/a><\/p>","protected":false},"excerpt":{"rendered":"<p>CHP&#8217;nin 38&#8217;inci Ola\u011fan ve 21&#8217;inci Ola\u011fan\u00fcst\u00fc Kurultaylar\u0131n\u0131n iptali istemiyle a\u00e7\u0131lan dava duru\u015fmas\u0131 devam ederken CHP MYK, Genel Ba\u015fkan \u00d6zg\u00fcr \u00d6zel ba\u015fkanl\u0131\u011f\u0131nda topland\u0131. CHP&#8217;nin 38&#8217;inci Ola\u011fan ve 21&#8217;inci Ola\u011fan\u00fcst\u00fc Kurultaylar\u0131n\u0131n iptali istemiyle a\u00e7\u0131lan dava duru\u015fmas\u0131 devam ederken CHP MYK, Genel Ba\u015fkan \u00d6zg\u00fcr \u00d6zel ba\u015fkanl\u0131\u011f\u0131nda topland\u0131.\u00a0Read More<\/p>\n","protected":false},"author":1,"featured_media":4914,"comment_status":"open","ping_status":"open","sticky":false,"template":"","format":"standard","meta":{"footnotes":"","_links_to":"","_links_to_target":""},"categories":[1],"tags":[],"class_list":["post-4913","post","type-post","status-publish","format-standard","has-post-thumbnail","hentry","category-haberler"],"_links":{"self":[{"href":"https:\/\/www.abchukuk.com\/index.php\/wp-json\/wp\/v2\/posts\/4913","targetHints":{"allow":["GET"]}}],"collection":[{"href":"https:\/\/www.abchukuk.com\/index.php\/wp-json\/wp\/v2\/posts"}],"about":[{"href":"https:\/\/www.abchukuk.com\/index.php\/wp-json\/wp\/v2\/types\/post"}],"author":[{"embeddable":true,"href":"https:\/\/www.abchukuk.com\/index.php\/wp-json\/wp\/v2\/users\/1"}],"replies":[{"embeddable":true,"href":"https:\/\/www.abchukuk.com\/index.php\/wp-json\/wp\/v2\/comments?post=4913"}],"version-history":[{"count":0,"href":"https:\/\/www.abchukuk.com\/index.php\/wp-json\/wp\/v2\/posts\/4913\/revisions"}],"wp:featuredmedia":[{"embeddable":true,"href":"https:\/\/www.abchukuk.com\/index.php\/wp-json\/wp\/v2\/media\/4914"}],"wp:attachment":[{"href":"https:\/\/www.abchukuk.com\/index.php\/wp-json\/wp\/v2\/media?parent=4913"}],"wp:term":[{"taxonomy":"category","embeddable":true,"href":"https:\/\/www.abchukuk.com\/index.php\/wp-json\/wp\/v2\/categories?post=4913"},{"taxonomy":"post_tag","embeddable":true,"href":"https:\/\/www.abchukuk.com\/index.php\/wp-json\/wp\/v2\/tags?post=4913"}],"curies":[{"name":"wp","href":"https:\/\/api.w.org\/{rel}","templated":true}]}}