{"id":4904,"date":"2025-09-15T06:38:00","date_gmt":"2025-09-15T06:38:00","guid":{"rendered":"https:\/\/www.abchukuk.com\/index.php\/2025\/09\/15\/chp-beykoz-genclik-kollari-baskani-kilica-ozlem-vural-gurzel-paylasimlari-nedeniyle-gozalti\/"},"modified":"2025-09-15T06:38:00","modified_gmt":"2025-09-15T06:38:00","slug":"chp-beykoz-genclik-kollari-baskani-kilica-ozlem-vural-gurzel-paylasimlari-nedeniyle-gozalti","status":"publish","type":"post","link":"https:\/\/www.abchukuk.com\/index.php\/2025\/09\/15\/chp-beykoz-genclik-kollari-baskani-kilica-ozlem-vural-gurzel-paylasimlari-nedeniyle-gozalti\/","title":{"rendered":"CHP Beykoz Gen\u00e7lik Kollar\u0131 Ba\u015fkan\u0131 K\u0131l\u0131\u00e7&#8217;a, \u00d6zlem Vural G\u00fcrzel payla\u015f\u0131mlar\u0131 nedeniyle g\u00f6zalt\u0131"},"content":{"rendered":"<p>CHP Beykoz Gen\u00e7lik Kollar\u0131 Ba\u015fkan\u0131 Emre Mert K\u0131l\u0131\u00e7 hakk\u0131nda Beykoz Belediye Ba\u015fkanvekili \u00d6zlem Vural G\u00fcrzel&#8217;e hakaret etti\u011fi iddias\u0131yla g\u00f6zalt\u0131 karar\u0131 verildi.CHP Beykoz Gen\u00e7lik Kollar\u0131 Ba\u015fkan\u0131 Emre Mert K\u0131l\u0131\u00e7 hakk\u0131nda Beykoz Belediye Ba\u015fkanvekili \u00d6zlem Vural G\u00fcrzel&#8217;e hakaret etti\u011fi iddias\u0131yla g\u00f6zalt\u0131 karar\u0131 verildi.\u00a0<a href=\"https:\/\/www.cumhuriyet.com.tr\/turkiye\/chp-beykoz-genclik-kollari-baskani-kilic-a-ozlem-vural-gurzel-paylasimlari-nedeniyle-gozalti-2435156\" target=\"_blank\" class=\"feedzy-rss-link-icon\">Read More<\/a><\/p>","protected":false},"excerpt":{"rendered":"<p>CHP Beykoz Gen\u00e7lik Kollar\u0131 Ba\u015fkan\u0131 Emre Mert K\u0131l\u0131\u00e7 hakk\u0131nda Beykoz Belediye Ba\u015fkanvekili \u00d6zlem Vural G\u00fcrzel&#8217;e hakaret etti\u011fi iddias\u0131yla g\u00f6zalt\u0131 karar\u0131 verildi.CHP Beykoz Gen\u00e7lik Kollar\u0131 Ba\u015fkan\u0131 Emre Mert K\u0131l\u0131\u00e7 hakk\u0131nda Beykoz Belediye Ba\u015fkanvekili \u00d6zlem Vural G\u00fcrzel&#8217;e hakaret etti\u011fi iddias\u0131yla g\u00f6zalt\u0131 karar\u0131 verildi.\u00a0Read More<\/p>\n","protected":false},"author":1,"featured_media":4905,"comment_status":"open","ping_status":"open","sticky":false,"template":"","format":"standard","meta":{"footnotes":"","_links_to":"","_links_to_target":""},"categories":[1],"tags":[],"class_list":["post-4904","post","type-post","status-publish","format-standard","has-post-thumbnail","hentry","category-haberler"],"_links":{"self":[{"href":"https:\/\/www.abchukuk.com\/index.php\/wp-json\/wp\/v2\/posts\/4904","targetHints":{"allow":["GET"]}}],"collection":[{"href":"https:\/\/www.abchukuk.com\/index.php\/wp-json\/wp\/v2\/posts"}],"about":[{"href":"https:\/\/www.abchukuk.com\/index.php\/wp-json\/wp\/v2\/types\/post"}],"author":[{"embeddable":true,"href":"https:\/\/www.abchukuk.com\/index.php\/wp-json\/wp\/v2\/users\/1"}],"replies":[{"embeddable":true,"href":"https:\/\/www.abchukuk.com\/index.php\/wp-json\/wp\/v2\/comments?post=4904"}],"version-history":[{"count":0,"href":"https:\/\/www.abchukuk.com\/index.php\/wp-json\/wp\/v2\/posts\/4904\/revisions"}],"wp:featuredmedia":[{"embeddable":true,"href":"https:\/\/www.abchukuk.com\/index.php\/wp-json\/wp\/v2\/media\/4905"}],"wp:attachment":[{"href":"https:\/\/www.abchukuk.com\/index.php\/wp-json\/wp\/v2\/media?parent=4904"}],"wp:term":[{"taxonomy":"category","embeddable":true,"href":"https:\/\/www.abchukuk.com\/index.php\/wp-json\/wp\/v2\/categories?post=4904"},{"taxonomy":"post_tag","embeddable":true,"href":"https:\/\/www.abchukuk.com\/index.php\/wp-json\/wp\/v2\/tags?post=4904"}],"curies":[{"name":"wp","href":"https:\/\/api.w.org\/{rel}","templated":true}]}}