{"id":4900,"date":"2025-09-15T06:45:00","date_gmt":"2025-09-15T06:45:00","guid":{"rendered":"https:\/\/www.abchukuk.com\/index.php\/2025\/09\/15\/adalet-bakanligi-cte-ikm-sonuclari-aciklandi-mi-3-bin-500-personel-alimi-sonuclari-ne-zaman-aciklanacak\/"},"modified":"2025-09-15T06:45:00","modified_gmt":"2025-09-15T06:45:00","slug":"adalet-bakanligi-cte-ikm-sonuclari-aciklandi-mi-3-bin-500-personel-alimi-sonuclari-ne-zaman-aciklanacak","status":"publish","type":"post","link":"https:\/\/www.abchukuk.com\/index.php\/2025\/09\/15\/adalet-bakanligi-cte-ikm-sonuclari-aciklandi-mi-3-bin-500-personel-alimi-sonuclari-ne-zaman-aciklanacak\/","title":{"rendered":"Adalet Bakanl\u0131\u011f\u0131 CTE \u0130KM sonu\u00e7lar\u0131 a\u00e7\u0131kland\u0131 m\u0131? 3 bin 500 personel al\u0131m\u0131 sonu\u00e7lar\u0131 ne zaman a\u00e7\u0131klanacak?"},"content":{"rendered":"<p>Adalet Bakanl\u0131\u011f\u0131n\u0131n 3 bin 500 personel al\u0131m\u0131 sonu\u00e7lar\u0131 uzun zamand\u0131r bekleniyor. Yeni hafta ile birlikte sonu\u00e7 umudu artarken \u00f6zellikle infaz koruma memurlu\u011fu i\u00e7in ba\u015fvuru yapanlar &#8220;Adalet Bakanl\u0131\u011f\u0131 CTE \u0130KM sonu\u00e7lar\u0131 a\u00e7\u0131kland\u0131 m\u0131&#8221; diye soruyor. \u0130\u015fte konuya ili\u015fkin son durum&#8230;Adalet Bakanl\u0131\u011f\u0131n\u0131n 3 bin 500 personel al\u0131m\u0131 sonu\u00e7lar\u0131 uzun zamand\u0131r bekleniyor. Yeni hafta ile birlikte sonu\u00e7 umudu artarken \u00f6zellikle infaz koruma memurlu\u011fu i\u00e7in ba\u015fvuru yapanlar &#8220;Adalet Bakanl\u0131\u011f\u0131 CTE \u0130KM sonu\u00e7lar\u0131 a\u00e7\u0131kland\u0131 m\u0131&#8221; diye soruyor. \u0130\u015fte konuya ili\u015fkin son durum&#8230;\u00a0<a href=\"https:\/\/www.dunya.com\/foto-galeri\/gundem\/adalet-bakanligi-cte-ikm-sonuclari-aciklandi-mi-3-bin-500-personel-alimi-sonuclari-ne-zaman-aciklanacak-galeri-794118\" target=\"_blank\" class=\"feedzy-rss-link-icon\">Read More<\/a><\/p>","protected":false},"excerpt":{"rendered":"<p>Adalet Bakanl\u0131\u011f\u0131n\u0131n 3 bin 500 personel al\u0131m\u0131 sonu\u00e7lar\u0131 uzun zamand\u0131r bekleniyor. Yeni hafta ile birlikte sonu\u00e7 umudu artarken \u00f6zellikle infaz koruma memurlu\u011fu i\u00e7in ba\u015fvuru yapanlar &#8220;Adalet Bakanl\u0131\u011f\u0131 CTE \u0130KM sonu\u00e7lar\u0131 a\u00e7\u0131kland\u0131 m\u0131&#8221; diye soruyor. \u0130\u015fte konuya ili\u015fkin son durum&#8230;Adalet Bakanl\u0131\u011f\u0131n\u0131n 3 bin 500 personel al\u0131m\u0131 sonu\u00e7lar\u0131 uzun zamand\u0131r bekleniyor. Yeni hafta ile birlikte sonu\u00e7 umudu [&hellip;]<\/p>\n","protected":false},"author":1,"featured_media":4901,"comment_status":"open","ping_status":"open","sticky":false,"template":"","format":"standard","meta":{"footnotes":"","_links_to":"","_links_to_target":""},"categories":[1],"tags":[],"class_list":["post-4900","post","type-post","status-publish","format-standard","has-post-thumbnail","hentry","category-haberler"],"_links":{"self":[{"href":"https:\/\/www.abchukuk.com\/index.php\/wp-json\/wp\/v2\/posts\/4900","targetHints":{"allow":["GET"]}}],"collection":[{"href":"https:\/\/www.abchukuk.com\/index.php\/wp-json\/wp\/v2\/posts"}],"about":[{"href":"https:\/\/www.abchukuk.com\/index.php\/wp-json\/wp\/v2\/types\/post"}],"author":[{"embeddable":true,"href":"https:\/\/www.abchukuk.com\/index.php\/wp-json\/wp\/v2\/users\/1"}],"replies":[{"embeddable":true,"href":"https:\/\/www.abchukuk.com\/index.php\/wp-json\/wp\/v2\/comments?post=4900"}],"version-history":[{"count":0,"href":"https:\/\/www.abchukuk.com\/index.php\/wp-json\/wp\/v2\/posts\/4900\/revisions"}],"wp:featuredmedia":[{"embeddable":true,"href":"https:\/\/www.abchukuk.com\/index.php\/wp-json\/wp\/v2\/media\/4901"}],"wp:attachment":[{"href":"https:\/\/www.abchukuk.com\/index.php\/wp-json\/wp\/v2\/media?parent=4900"}],"wp:term":[{"taxonomy":"category","embeddable":true,"href":"https:\/\/www.abchukuk.com\/index.php\/wp-json\/wp\/v2\/categories?post=4900"},{"taxonomy":"post_tag","embeddable":true,"href":"https:\/\/www.abchukuk.com\/index.php\/wp-json\/wp\/v2\/tags?post=4900"}],"curies":[{"name":"wp","href":"https:\/\/api.w.org\/{rel}","templated":true}]}}