{"id":4898,"date":"2025-09-15T06:56:00","date_gmt":"2025-09-15T06:56:00","guid":{"rendered":"https:\/\/www.abchukuk.com\/index.php\/2025\/09\/15\/chp-beykoz-genclik-kollari-baskani-emre-mert-kilic-kimdir-emre-mert-kilic-neden-gozaltina-alindi\/"},"modified":"2025-09-15T06:56:00","modified_gmt":"2025-09-15T06:56:00","slug":"chp-beykoz-genclik-kollari-baskani-emre-mert-kilic-kimdir-emre-mert-kilic-neden-gozaltina-alindi","status":"publish","type":"post","link":"https:\/\/www.abchukuk.com\/index.php\/2025\/09\/15\/chp-beykoz-genclik-kollari-baskani-emre-mert-kilic-kimdir-emre-mert-kilic-neden-gozaltina-alindi\/","title":{"rendered":"CHP Beykoz Gen\u00e7lik Kollar\u0131 Ba\u015fkan\u0131 Emre Mert K\u0131l\u0131\u00e7 kimdir? Emre Mert K\u0131l\u0131\u00e7 neden g\u00f6zalt\u0131na al\u0131nd\u0131?"},"content":{"rendered":"<p>CHP Beykoz Gen\u00e7lik Kollar\u0131 Ba\u015fkan\u0131 Emre Mert K\u0131l\u0131\u00e7 payla\u015f\u0131mlar\u0131 nedeniyle g\u00f6zalt\u0131na al\u0131nd\u0131. Peki, CHP Beykoz Gen\u00e7lik Kollar\u0131 Ba\u015fkan\u0131 Emre Mert K\u0131l\u0131\u00e7 kimdir? Emre Mert K\u0131l\u0131\u00e7 neden g\u00f6zalt\u0131na al\u0131nd\u0131?CHP Beykoz Gen\u00e7lik Kollar\u0131 Ba\u015fkan\u0131 Emre Mert K\u0131l\u0131\u00e7 payla\u015f\u0131mlar\u0131 nedeniyle g\u00f6zalt\u0131na al\u0131nd\u0131. Peki, CHP Beykoz Gen\u00e7lik Kollar\u0131 Ba\u015fkan\u0131 Emre Mert K\u0131l\u0131\u00e7 kimdir? Emre Mert K\u0131l\u0131\u00e7 neden g\u00f6zalt\u0131na al\u0131nd\u0131?\u00a0<a href=\"https:\/\/www.cumhuriyet.com.tr\/turkiye\/chp-beykoz-genclik-kollari-baskani-emre-mert-kilic-kimdir-emre-mert-kilic-neden-gozaltina-alindi-2435167\" target=\"_blank\" class=\"feedzy-rss-link-icon\">Read More<\/a><\/p>","protected":false},"excerpt":{"rendered":"<p>CHP Beykoz Gen\u00e7lik Kollar\u0131 Ba\u015fkan\u0131 Emre Mert K\u0131l\u0131\u00e7 payla\u015f\u0131mlar\u0131 nedeniyle g\u00f6zalt\u0131na al\u0131nd\u0131. Peki, CHP Beykoz Gen\u00e7lik Kollar\u0131 Ba\u015fkan\u0131 Emre Mert K\u0131l\u0131\u00e7 kimdir? Emre Mert K\u0131l\u0131\u00e7 neden g\u00f6zalt\u0131na al\u0131nd\u0131?CHP Beykoz Gen\u00e7lik Kollar\u0131 Ba\u015fkan\u0131 Emre Mert K\u0131l\u0131\u00e7 payla\u015f\u0131mlar\u0131 nedeniyle g\u00f6zalt\u0131na al\u0131nd\u0131. Peki, CHP Beykoz Gen\u00e7lik Kollar\u0131 Ba\u015fkan\u0131 Emre Mert K\u0131l\u0131\u00e7 kimdir? Emre Mert K\u0131l\u0131\u00e7 neden g\u00f6zalt\u0131na al\u0131nd\u0131?\u00a0Read [&hellip;]<\/p>\n","protected":false},"author":1,"featured_media":4899,"comment_status":"open","ping_status":"open","sticky":false,"template":"","format":"standard","meta":{"footnotes":"","_links_to":"","_links_to_target":""},"categories":[1],"tags":[],"class_list":["post-4898","post","type-post","status-publish","format-standard","has-post-thumbnail","hentry","category-haberler"],"_links":{"self":[{"href":"https:\/\/www.abchukuk.com\/index.php\/wp-json\/wp\/v2\/posts\/4898","targetHints":{"allow":["GET"]}}],"collection":[{"href":"https:\/\/www.abchukuk.com\/index.php\/wp-json\/wp\/v2\/posts"}],"about":[{"href":"https:\/\/www.abchukuk.com\/index.php\/wp-json\/wp\/v2\/types\/post"}],"author":[{"embeddable":true,"href":"https:\/\/www.abchukuk.com\/index.php\/wp-json\/wp\/v2\/users\/1"}],"replies":[{"embeddable":true,"href":"https:\/\/www.abchukuk.com\/index.php\/wp-json\/wp\/v2\/comments?post=4898"}],"version-history":[{"count":0,"href":"https:\/\/www.abchukuk.com\/index.php\/wp-json\/wp\/v2\/posts\/4898\/revisions"}],"wp:featuredmedia":[{"embeddable":true,"href":"https:\/\/www.abchukuk.com\/index.php\/wp-json\/wp\/v2\/media\/4899"}],"wp:attachment":[{"href":"https:\/\/www.abchukuk.com\/index.php\/wp-json\/wp\/v2\/media?parent=4898"}],"wp:term":[{"taxonomy":"category","embeddable":true,"href":"https:\/\/www.abchukuk.com\/index.php\/wp-json\/wp\/v2\/categories?post=4898"},{"taxonomy":"post_tag","embeddable":true,"href":"https:\/\/www.abchukuk.com\/index.php\/wp-json\/wp\/v2\/tags?post=4898"}],"curies":[{"name":"wp","href":"https:\/\/api.w.org\/{rel}","templated":true}]}}