{"id":4896,"date":"2025-09-15T06:58:00","date_gmt":"2025-09-15T06:58:00","guid":{"rendered":"https:\/\/www.abchukuk.com\/index.php\/2025\/09\/15\/chpnin-kurultay-davasi-hakim-salona-geldi-durusma-birazdan-baslayacak\/"},"modified":"2025-09-15T06:58:00","modified_gmt":"2025-09-15T06:58:00","slug":"chpnin-kurultay-davasi-hakim-salona-geldi-durusma-birazdan-baslayacak","status":"publish","type":"post","link":"https:\/\/www.abchukuk.com\/index.php\/2025\/09\/15\/chpnin-kurultay-davasi-hakim-salona-geldi-durusma-birazdan-baslayacak\/","title":{"rendered":"CHP&#8217;nin Kurultay davas\u0131&#8230; Hakim salona geldi, duru\u015fma birazdan ba\u015flayacak"},"content":{"rendered":"<p>CHP Genel Ba\u015fkan\u0131 \u00d6zg\u00fcr \u00d6zel\u2019in se\u00e7ildi\u011fi 38. ola\u011fan ve 21. ola\u011fan\u00fcst\u00fc kurultaylar\u0131 iptal davas\u0131, Ankara 42. Asliye Hukuk Mahkemesi\u2019nde bug\u00fcn saat 10.00\u2019da g\u00f6r\u00fclecek. Hakim salona geldi, duru\u015fma birazdan ba\u015flayacak.CHP Genel Ba\u015fkan\u0131 \u00d6zg\u00fcr \u00d6zel\u2019in se\u00e7ildi\u011fi 38. ola\u011fan ve 21. ola\u011fan\u00fcst\u00fc kurultaylar\u0131 iptal davas\u0131, Ankara 42. Asliye Hukuk Mahkemesi\u2019nde bug\u00fcn saat 10.00\u2019da g\u00f6r\u00fclecek. Hakim salona geldi, duru\u015fma birazdan ba\u015flayacak.\u00a0<a href=\"https:\/\/www.cumhuriyet.com.tr\/turkiye\/chp-nin-kurultay-davasi-hakim-salona-geldi-durusma-birazdan-baslayacak-2435168\" target=\"_blank\" class=\"feedzy-rss-link-icon\">Read More<\/a><\/p>","protected":false},"excerpt":{"rendered":"<p>CHP Genel Ba\u015fkan\u0131 \u00d6zg\u00fcr \u00d6zel\u2019in se\u00e7ildi\u011fi 38. ola\u011fan ve 21. ola\u011fan\u00fcst\u00fc kurultaylar\u0131 iptal davas\u0131, Ankara 42. Asliye Hukuk Mahkemesi\u2019nde bug\u00fcn saat 10.00\u2019da g\u00f6r\u00fclecek. Hakim salona geldi, duru\u015fma birazdan ba\u015flayacak.CHP Genel Ba\u015fkan\u0131 \u00d6zg\u00fcr \u00d6zel\u2019in se\u00e7ildi\u011fi 38. ola\u011fan ve 21. ola\u011fan\u00fcst\u00fc kurultaylar\u0131 iptal davas\u0131, Ankara 42. Asliye Hukuk Mahkemesi\u2019nde bug\u00fcn saat 10.00\u2019da g\u00f6r\u00fclecek. Hakim salona geldi, duru\u015fma [&hellip;]<\/p>\n","protected":false},"author":1,"featured_media":4897,"comment_status":"open","ping_status":"open","sticky":false,"template":"","format":"standard","meta":{"footnotes":"","_links_to":"","_links_to_target":""},"categories":[1],"tags":[],"class_list":["post-4896","post","type-post","status-publish","format-standard","has-post-thumbnail","hentry","category-haberler"],"_links":{"self":[{"href":"https:\/\/www.abchukuk.com\/index.php\/wp-json\/wp\/v2\/posts\/4896","targetHints":{"allow":["GET"]}}],"collection":[{"href":"https:\/\/www.abchukuk.com\/index.php\/wp-json\/wp\/v2\/posts"}],"about":[{"href":"https:\/\/www.abchukuk.com\/index.php\/wp-json\/wp\/v2\/types\/post"}],"author":[{"embeddable":true,"href":"https:\/\/www.abchukuk.com\/index.php\/wp-json\/wp\/v2\/users\/1"}],"replies":[{"embeddable":true,"href":"https:\/\/www.abchukuk.com\/index.php\/wp-json\/wp\/v2\/comments?post=4896"}],"version-history":[{"count":0,"href":"https:\/\/www.abchukuk.com\/index.php\/wp-json\/wp\/v2\/posts\/4896\/revisions"}],"wp:featuredmedia":[{"embeddable":true,"href":"https:\/\/www.abchukuk.com\/index.php\/wp-json\/wp\/v2\/media\/4897"}],"wp:attachment":[{"href":"https:\/\/www.abchukuk.com\/index.php\/wp-json\/wp\/v2\/media?parent=4896"}],"wp:term":[{"taxonomy":"category","embeddable":true,"href":"https:\/\/www.abchukuk.com\/index.php\/wp-json\/wp\/v2\/categories?post=4896"},{"taxonomy":"post_tag","embeddable":true,"href":"https:\/\/www.abchukuk.com\/index.php\/wp-json\/wp\/v2\/tags?post=4896"}],"curies":[{"name":"wp","href":"https:\/\/api.w.org\/{rel}","templated":true}]}}