{"id":4847,"date":"2025-09-13T10:46:46","date_gmt":"2025-09-13T10:46:46","guid":{"rendered":"https:\/\/www.abchukuk.com\/index.php\/2025\/09\/13\/chpli-bayrampasa-belediye-baskani-hasan-mutlu-gozaltinda\/"},"modified":"2025-09-13T10:46:46","modified_gmt":"2025-09-13T10:46:46","slug":"chpli-bayrampasa-belediye-baskani-hasan-mutlu-gozaltinda","status":"publish","type":"post","link":"https:\/\/www.abchukuk.com\/index.php\/2025\/09\/13\/chpli-bayrampasa-belediye-baskani-hasan-mutlu-gozaltinda\/","title":{"rendered":"CHP&#8217;li Bayrampa\u015fa Belediye Ba\u015fkan\u0131 Hasan Mutlu g\u00f6zalt\u0131nda"},"content":{"rendered":"<p>\u0130stanbul&#8217;da CHP&#8217;li Bayrampa\u015fa Belediyesine y\u00f6nelik ba\u015flat\u0131lan soru\u015fturma kapsam\u0131nda Belediye Ba\u015fkan\u0131 Hasan Mutlu dahil 48 ki\u015fi hakk\u0131nda g\u00f6zalt\u0131 karar\u0131 verildi. \u015ei\u015fli Belediye Ba\u015fkan\u0131 Resul Emrah \u015eahan hakk\u0131nda da alt\u0131 ay sonra \u0130BB&#8217;ye y\u00f6nelik yolsuzluk soru\u015fturmas\u0131 kapsam\u0131nda tutuklama karar\u0131 \u00e7\u0131kt\u0131.\u0130stanbul&#8217;da CHP&#8217;li Bayrampa\u015fa Belediyesine y\u00f6nelik ba\u015flat\u0131lan soru\u015fturma kapsam\u0131nda Belediye Ba\u015fkan\u0131 Hasan Mutlu dahil 48 ki\u015fi hakk\u0131nda g\u00f6zalt\u0131 karar\u0131 verildi. \u015ei\u015fli Belediye Ba\u015fkan\u0131 Resul Emrah \u015eahan hakk\u0131nda da alt\u0131 ay sonra \u0130BB&#8217;ye y\u00f6nelik yolsuzluk soru\u015fturmas\u0131 kapsam\u0131nda tutuklama karar\u0131 \u00e7\u0131kt\u0131.\u00a0<a href=\"https:\/\/www.bbc.com\/turkce\/articles\/c79v8g82y5do?at_medium=RSS&amp;at_campaign=rss\" target=\"_blank\" class=\"feedzy-rss-link-icon\">Read More<\/a><\/p>","protected":false},"excerpt":{"rendered":"<p>\u0130stanbul&#8217;da CHP&#8217;li Bayrampa\u015fa Belediyesine y\u00f6nelik ba\u015flat\u0131lan soru\u015fturma kapsam\u0131nda Belediye Ba\u015fkan\u0131 Hasan Mutlu dahil 48 ki\u015fi hakk\u0131nda g\u00f6zalt\u0131 karar\u0131 verildi. \u015ei\u015fli Belediye Ba\u015fkan\u0131 Resul Emrah \u015eahan hakk\u0131nda da alt\u0131 ay sonra \u0130BB&#8217;ye y\u00f6nelik yolsuzluk soru\u015fturmas\u0131 kapsam\u0131nda tutuklama karar\u0131 \u00e7\u0131kt\u0131.\u0130stanbul&#8217;da CHP&#8217;li Bayrampa\u015fa Belediyesine y\u00f6nelik ba\u015flat\u0131lan soru\u015fturma kapsam\u0131nda Belediye Ba\u015fkan\u0131 Hasan Mutlu dahil 48 ki\u015fi hakk\u0131nda g\u00f6zalt\u0131 karar\u0131 [&hellip;]<\/p>\n","protected":false},"author":1,"featured_media":4766,"comment_status":"open","ping_status":"open","sticky":false,"template":"","format":"standard","meta":{"footnotes":"","_links_to":"","_links_to_target":""},"categories":[1],"tags":[],"class_list":["post-4847","post","type-post","status-publish","format-standard","has-post-thumbnail","hentry","category-haberler"],"_links":{"self":[{"href":"https:\/\/www.abchukuk.com\/index.php\/wp-json\/wp\/v2\/posts\/4847","targetHints":{"allow":["GET"]}}],"collection":[{"href":"https:\/\/www.abchukuk.com\/index.php\/wp-json\/wp\/v2\/posts"}],"about":[{"href":"https:\/\/www.abchukuk.com\/index.php\/wp-json\/wp\/v2\/types\/post"}],"author":[{"embeddable":true,"href":"https:\/\/www.abchukuk.com\/index.php\/wp-json\/wp\/v2\/users\/1"}],"replies":[{"embeddable":true,"href":"https:\/\/www.abchukuk.com\/index.php\/wp-json\/wp\/v2\/comments?post=4847"}],"version-history":[{"count":0,"href":"https:\/\/www.abchukuk.com\/index.php\/wp-json\/wp\/v2\/posts\/4847\/revisions"}],"wp:featuredmedia":[{"embeddable":true,"href":"https:\/\/www.abchukuk.com\/index.php\/wp-json\/wp\/v2\/media\/4766"}],"wp:attachment":[{"href":"https:\/\/www.abchukuk.com\/index.php\/wp-json\/wp\/v2\/media?parent=4847"}],"wp:term":[{"taxonomy":"category","embeddable":true,"href":"https:\/\/www.abchukuk.com\/index.php\/wp-json\/wp\/v2\/categories?post=4847"},{"taxonomy":"post_tag","embeddable":true,"href":"https:\/\/www.abchukuk.com\/index.php\/wp-json\/wp\/v2\/tags?post=4847"}],"curies":[{"name":"wp","href":"https:\/\/api.w.org\/{rel}","templated":true}]}}