{"id":4821,"date":"2025-09-13T10:55:34","date_gmt":"2025-09-13T10:55:34","guid":{"rendered":"https:\/\/www.abchukuk.com\/index.php\/2025\/09\/13\/istanbulda-30-yas-ustu-ogrencilere-indirim-mahkemeye-gidiyor\/"},"modified":"2025-09-13T10:55:34","modified_gmt":"2025-09-13T10:55:34","slug":"istanbulda-30-yas-ustu-ogrencilere-indirim-mahkemeye-gidiyor","status":"publish","type":"post","link":"https:\/\/www.abchukuk.com\/index.php\/2025\/09\/13\/istanbulda-30-yas-ustu-ogrencilere-indirim-mahkemeye-gidiyor\/","title":{"rendered":"\u0130stanbul&#8217;da 30 ya\u015f \u00fcst\u00fc \u00f6\u011frencilere indirim mahkemeye gidiyor"},"content":{"rendered":"<p>AK Parti grubu olarak a\u00e7t\u0131klar\u0131 iptal davas\u0131 neticesinde, \u0130BB&#8217;nin bu d\u00fczenlemesinin hukuka ayk\u0131r\u0131 oldu\u011funun mahkeme karar\u0131yla tescillendi\u011fine dikkati \u00e7eken \u0130stanbul B\u00fcy\u00fck\u015fehir Belediyesi (\u0130BB) Meclisi AK Parti Grup S\u00f6zc\u00fcs\u00fc Murat T\u00fcrky\u0131lmaz, karar\u0131n iptaliyle art\u0131k ya\u015f s\u0131n\u0131r\u0131 olmaks\u0131z\u0131n, \u00f6\u011frenci stat\u00fcs\u00fcne sahip t\u00fcm bireylerin ula\u015f\u0131mda indirimli tarifeden yararlanabileceklerini vurgulad\u0131.AK Parti grubu olarak a\u00e7t\u0131klar\u0131 iptal davas\u0131 neticesinde, \u0130BB&#8217;nin bu d\u00fczenlemesinin hukuka ayk\u0131r\u0131 oldu\u011funun mahkeme karar\u0131yla tescillendi\u011fine dikkati \u00e7eken \u0130stanbul B\u00fcy\u00fck\u015fehir Belediyesi (\u0130BB) Meclisi AK Parti Grup S\u00f6zc\u00fcs\u00fc Murat T\u00fcrky\u0131lmaz, karar\u0131n iptaliyle art\u0131k ya\u015f s\u0131n\u0131r\u0131 olmaks\u0131z\u0131n, \u00f6\u011frenci stat\u00fcs\u00fcne sahip t\u00fcm bireylerin ula\u015f\u0131mda indirimli tarifeden yararlanabileceklerini vurgulad\u0131.\u00a0<a href=\"https:\/\/www.haberturk.com\/ak-parti-istanbul-da-30-yas-ustu-ogrencilerin-indirimli-ulasim-hakkini-tekrar-mahkemeye-tasiyacak-3822107\" target=\"_blank\" class=\"feedzy-rss-link-icon\">Read More<\/a><\/p>","protected":false},"excerpt":{"rendered":"<p>AK Parti grubu olarak a\u00e7t\u0131klar\u0131 iptal davas\u0131 neticesinde, \u0130BB&#8217;nin bu d\u00fczenlemesinin hukuka ayk\u0131r\u0131 oldu\u011funun mahkeme karar\u0131yla tescillendi\u011fine dikkati \u00e7eken \u0130stanbul B\u00fcy\u00fck\u015fehir Belediyesi (\u0130BB) Meclisi AK Parti Grup S\u00f6zc\u00fcs\u00fc Murat T\u00fcrky\u0131lmaz, karar\u0131n iptaliyle art\u0131k ya\u015f s\u0131n\u0131r\u0131 olmaks\u0131z\u0131n, \u00f6\u011frenci stat\u00fcs\u00fcne sahip t\u00fcm bireylerin ula\u015f\u0131mda indirimli tarifeden yararlanabileceklerini vurgulad\u0131.AK Parti grubu olarak a\u00e7t\u0131klar\u0131 iptal davas\u0131 neticesinde, \u0130BB&#8217;nin bu [&hellip;]<\/p>\n","protected":false},"author":1,"featured_media":0,"comment_status":"open","ping_status":"open","sticky":false,"template":"","format":"standard","meta":{"footnotes":"","_links_to":"","_links_to_target":""},"categories":[1],"tags":[],"class_list":["post-4821","post","type-post","status-publish","format-standard","hentry","category-haberler"],"_links":{"self":[{"href":"https:\/\/www.abchukuk.com\/index.php\/wp-json\/wp\/v2\/posts\/4821","targetHints":{"allow":["GET"]}}],"collection":[{"href":"https:\/\/www.abchukuk.com\/index.php\/wp-json\/wp\/v2\/posts"}],"about":[{"href":"https:\/\/www.abchukuk.com\/index.php\/wp-json\/wp\/v2\/types\/post"}],"author":[{"embeddable":true,"href":"https:\/\/www.abchukuk.com\/index.php\/wp-json\/wp\/v2\/users\/1"}],"replies":[{"embeddable":true,"href":"https:\/\/www.abchukuk.com\/index.php\/wp-json\/wp\/v2\/comments?post=4821"}],"version-history":[{"count":0,"href":"https:\/\/www.abchukuk.com\/index.php\/wp-json\/wp\/v2\/posts\/4821\/revisions"}],"wp:attachment":[{"href":"https:\/\/www.abchukuk.com\/index.php\/wp-json\/wp\/v2\/media?parent=4821"}],"wp:term":[{"taxonomy":"category","embeddable":true,"href":"https:\/\/www.abchukuk.com\/index.php\/wp-json\/wp\/v2\/categories?post=4821"},{"taxonomy":"post_tag","embeddable":true,"href":"https:\/\/www.abchukuk.com\/index.php\/wp-json\/wp\/v2\/tags?post=4821"}],"curies":[{"name":"wp","href":"https:\/\/api.w.org\/{rel}","templated":true}]}}