{"id":4820,"date":"2025-09-13T12:47:41","date_gmt":"2025-09-13T12:47:41","guid":{"rendered":"https:\/\/www.abchukuk.com\/index.php\/2025\/09\/13\/tartistigi-arkadasini-baglayip-odaya-kilitledi-yargitaydan-flas-karar\/"},"modified":"2025-09-13T12:47:41","modified_gmt":"2025-09-13T12:47:41","slug":"tartistigi-arkadasini-baglayip-odaya-kilitledi-yargitaydan-flas-karar","status":"publish","type":"post","link":"https:\/\/www.abchukuk.com\/index.php\/2025\/09\/13\/tartistigi-arkadasini-baglayip-odaya-kilitledi-yargitaydan-flas-karar\/","title":{"rendered":"Tart\u0131\u015ft\u0131\u011f\u0131 arkada\u015f\u0131n\u0131 ba\u011flay\u0131p odaya kilitledi&#8230; Yarg\u0131tay&#8217;dan fla\u015f karar!"},"content":{"rendered":"<p>Yarg\u0131tay 8. Ceza Dairesi, tart\u0131\u015ft\u0131\u011f\u0131 arkada\u015f\u0131n\u0131n ellerini ba\u011flayan, a\u011fz\u0131n\u0131 bantlayan ve odaya kilitleyen san\u0131\u011fa, &#8220;ki\u015fiyi h\u00fcrriyetinden yoksun k\u0131lma&#8221; su\u00e7undan verilen 2 y\u0131l hapis cezas\u0131n\u0131 onad\u0131Yarg\u0131tay 8. Ceza Dairesi, tart\u0131\u015ft\u0131\u011f\u0131 arkada\u015f\u0131n\u0131n ellerini ba\u011flayan, a\u011fz\u0131n\u0131 bantlayan ve odaya kilitleyen san\u0131\u011fa, &#8220;ki\u015fiyi h\u00fcrriyetinden yoksun k\u0131lma&#8221; su\u00e7undan verilen 2 y\u0131l hapis cezas\u0131n\u0131 onad\u0131\u00a0<a href=\"https:\/\/www.haberturk.com\/tartistigi-arkadasini-baglayip-odaya-kilitledi-yargitay-dan-flas-karar-son-dakika-haber-3822075\" target=\"_blank\" class=\"feedzy-rss-link-icon\">Read More<\/a><\/p>","protected":false},"excerpt":{"rendered":"<p>Yarg\u0131tay 8. Ceza Dairesi, tart\u0131\u015ft\u0131\u011f\u0131 arkada\u015f\u0131n\u0131n ellerini ba\u011flayan, a\u011fz\u0131n\u0131 bantlayan ve odaya kilitleyen san\u0131\u011fa, &#8220;ki\u015fiyi h\u00fcrriyetinden yoksun k\u0131lma&#8221; su\u00e7undan verilen 2 y\u0131l hapis cezas\u0131n\u0131 onad\u0131Yarg\u0131tay 8. Ceza Dairesi, tart\u0131\u015ft\u0131\u011f\u0131 arkada\u015f\u0131n\u0131n ellerini ba\u011flayan, a\u011fz\u0131n\u0131 bantlayan ve odaya kilitleyen san\u0131\u011fa, &#8220;ki\u015fiyi h\u00fcrriyetinden yoksun k\u0131lma&#8221; su\u00e7undan verilen 2 y\u0131l hapis cezas\u0131n\u0131 onad\u0131\u00a0Read More<\/p>\n","protected":false},"author":1,"featured_media":0,"comment_status":"open","ping_status":"open","sticky":false,"template":"","format":"standard","meta":{"footnotes":"","_links_to":"","_links_to_target":""},"categories":[1],"tags":[],"class_list":["post-4820","post","type-post","status-publish","format-standard","hentry","category-haberler"],"_links":{"self":[{"href":"https:\/\/www.abchukuk.com\/index.php\/wp-json\/wp\/v2\/posts\/4820","targetHints":{"allow":["GET"]}}],"collection":[{"href":"https:\/\/www.abchukuk.com\/index.php\/wp-json\/wp\/v2\/posts"}],"about":[{"href":"https:\/\/www.abchukuk.com\/index.php\/wp-json\/wp\/v2\/types\/post"}],"author":[{"embeddable":true,"href":"https:\/\/www.abchukuk.com\/index.php\/wp-json\/wp\/v2\/users\/1"}],"replies":[{"embeddable":true,"href":"https:\/\/www.abchukuk.com\/index.php\/wp-json\/wp\/v2\/comments?post=4820"}],"version-history":[{"count":0,"href":"https:\/\/www.abchukuk.com\/index.php\/wp-json\/wp\/v2\/posts\/4820\/revisions"}],"wp:attachment":[{"href":"https:\/\/www.abchukuk.com\/index.php\/wp-json\/wp\/v2\/media?parent=4820"}],"wp:term":[{"taxonomy":"category","embeddable":true,"href":"https:\/\/www.abchukuk.com\/index.php\/wp-json\/wp\/v2\/categories?post=4820"},{"taxonomy":"post_tag","embeddable":true,"href":"https:\/\/www.abchukuk.com\/index.php\/wp-json\/wp\/v2\/tags?post=4820"}],"curies":[{"name":"wp","href":"https:\/\/api.w.org\/{rel}","templated":true}]}}