{"id":4811,"date":"2025-09-13T17:14:00","date_gmt":"2025-09-13T17:14:00","guid":{"rendered":"https:\/\/www.abchukuk.com\/index.php\/2025\/09\/13\/tutuklu-imamoglu-hakkinda-yeni-dava-2-yil-4-aya-kadar-hapis-ve-siyasi-yasak-talebi\/"},"modified":"2025-09-13T17:14:00","modified_gmt":"2025-09-13T17:14:00","slug":"tutuklu-imamoglu-hakkinda-yeni-dava-2-yil-4-aya-kadar-hapis-ve-siyasi-yasak-talebi","status":"publish","type":"post","link":"https:\/\/www.abchukuk.com\/index.php\/2025\/09\/13\/tutuklu-imamoglu-hakkinda-yeni-dava-2-yil-4-aya-kadar-hapis-ve-siyasi-yasak-talebi\/","title":{"rendered":"Tutuklu \u0130mamo\u011flu hakk\u0131nda yeni dava: 2 y\u0131l 4 aya kadar hapis ve siyasi yasak talebi"},"content":{"rendered":"<p>Tutuklanmas\u0131n\u0131n ard\u0131ndan \u0130stanbul B\u00fcy\u00fck\u015fehir Belediye (\u0130BB) Ba\u015fkanl\u0131\u011f\u0131 g\u00f6revinden uzakla\u015ft\u0131r\u0131lan Cumhuriyet Halk Partisi&#8217;nin Cumhurba\u015fkan\u0131 aday\u0131 Ekrem \u0130mamo\u011flu hakk\u0131nda &#8220;hakaret&#8221; iddias\u0131yla 2 y\u0131l 4 aya kadar hapis cezas\u0131 istemiyle dava a\u00e7\u0131ld\u0131.Tutuklanmas\u0131n\u0131n ard\u0131ndan \u0130stanbul B\u00fcy\u00fck\u015fehir Belediye (\u0130BB) Ba\u015fkanl\u0131\u011f\u0131 g\u00f6revinden uzakla\u015ft\u0131r\u0131lan Cumhuriyet Halk Partisi&#8217;nin Cumhurba\u015fkan\u0131 aday\u0131 Ekrem \u0130mamo\u011flu hakk\u0131nda &#8220;hakaret&#8221; iddias\u0131yla 2 y\u0131l 4 aya kadar hapis cezas\u0131 istemiyle dava a\u00e7\u0131ld\u0131.\u00a0<a href=\"https:\/\/www.cumhuriyet.com.tr\/turkiye\/tutuklu-imamoglu-hakkinda-yeni-dava-2-yil-4-aya-kadar-hapis-ve-siyasi-yasak-talebi-2434838\" target=\"_blank\" class=\"feedzy-rss-link-icon\">Read More<\/a><\/p>","protected":false},"excerpt":{"rendered":"<p>Tutuklanmas\u0131n\u0131n ard\u0131ndan \u0130stanbul B\u00fcy\u00fck\u015fehir Belediye (\u0130BB) Ba\u015fkanl\u0131\u011f\u0131 g\u00f6revinden uzakla\u015ft\u0131r\u0131lan Cumhuriyet Halk Partisi&#8217;nin Cumhurba\u015fkan\u0131 aday\u0131 Ekrem \u0130mamo\u011flu hakk\u0131nda &#8220;hakaret&#8221; iddias\u0131yla 2 y\u0131l 4 aya kadar hapis cezas\u0131 istemiyle dava a\u00e7\u0131ld\u0131.Tutuklanmas\u0131n\u0131n ard\u0131ndan \u0130stanbul B\u00fcy\u00fck\u015fehir Belediye (\u0130BB) Ba\u015fkanl\u0131\u011f\u0131 g\u00f6revinden uzakla\u015ft\u0131r\u0131lan Cumhuriyet Halk Partisi&#8217;nin Cumhurba\u015fkan\u0131 aday\u0131 Ekrem \u0130mamo\u011flu hakk\u0131nda &#8220;hakaret&#8221; iddias\u0131yla 2 y\u0131l 4 aya kadar hapis cezas\u0131 istemiyle [&hellip;]<\/p>\n","protected":false},"author":1,"featured_media":4812,"comment_status":"open","ping_status":"open","sticky":false,"template":"","format":"standard","meta":{"footnotes":"","_links_to":"","_links_to_target":""},"categories":[1],"tags":[],"class_list":["post-4811","post","type-post","status-publish","format-standard","has-post-thumbnail","hentry","category-haberler"],"_links":{"self":[{"href":"https:\/\/www.abchukuk.com\/index.php\/wp-json\/wp\/v2\/posts\/4811","targetHints":{"allow":["GET"]}}],"collection":[{"href":"https:\/\/www.abchukuk.com\/index.php\/wp-json\/wp\/v2\/posts"}],"about":[{"href":"https:\/\/www.abchukuk.com\/index.php\/wp-json\/wp\/v2\/types\/post"}],"author":[{"embeddable":true,"href":"https:\/\/www.abchukuk.com\/index.php\/wp-json\/wp\/v2\/users\/1"}],"replies":[{"embeddable":true,"href":"https:\/\/www.abchukuk.com\/index.php\/wp-json\/wp\/v2\/comments?post=4811"}],"version-history":[{"count":0,"href":"https:\/\/www.abchukuk.com\/index.php\/wp-json\/wp\/v2\/posts\/4811\/revisions"}],"wp:featuredmedia":[{"embeddable":true,"href":"https:\/\/www.abchukuk.com\/index.php\/wp-json\/wp\/v2\/media\/4812"}],"wp:attachment":[{"href":"https:\/\/www.abchukuk.com\/index.php\/wp-json\/wp\/v2\/media?parent=4811"}],"wp:term":[{"taxonomy":"category","embeddable":true,"href":"https:\/\/www.abchukuk.com\/index.php\/wp-json\/wp\/v2\/categories?post=4811"},{"taxonomy":"post_tag","embeddable":true,"href":"https:\/\/www.abchukuk.com\/index.php\/wp-json\/wp\/v2\/tags?post=4811"}],"curies":[{"name":"wp","href":"https:\/\/api.w.org\/{rel}","templated":true}]}}