{"id":4803,"date":"2025-09-13T14:50:07","date_gmt":"2025-09-13T14:50:07","guid":{"rendered":"https:\/\/www.abchukuk.com\/index.php\/2025\/09\/13\/kocaelide-uyusturucu-operasyonu-2-tutuklama-2\/"},"modified":"2025-09-13T14:50:07","modified_gmt":"2025-09-13T14:50:07","slug":"kocaelide-uyusturucu-operasyonu-2-tutuklama-2","status":"publish","type":"post","link":"https:\/\/www.abchukuk.com\/index.php\/2025\/09\/13\/kocaelide-uyusturucu-operasyonu-2-tutuklama-2\/","title":{"rendered":"Kocaeli\u2019de Uyu\u015fturucu Operasyonu: 2 Tutuklama"},"content":{"rendered":"<p><a href=\"https:\/\/www.gercekgundem.com\/guncel\/kocaelide-uyusturucu-operasyonu-2-tutuklama-555194\"><br \/>\n                                                            <img decoding=\"async\" src=\"https:\/\/i.gercekgundem.com\/2\/150\/84\/storage\/files\/images\/2025\/09\/13\/kocaelide-uyusturucu-operasyonu-2-tutuklama-llpm.jpg\" width=\"150\" height=\"84\" border=\"0\" align=\"right\" \/><br \/>\n                                                    <\/a><\/p>\n<h4>Kocaeli\u2019nin \u00c7ay\u0131rova il\u00e7esinde d\u00fczenlenen uyu\u015fturucu operasyonunda 4 \u015f\u00fcpheli g\u00f6zalt\u0131na al\u0131nd\u0131. Emniyet g\u00fc\u00e7lerinin bask\u0131n\u0131nda \u00e7ok miktarda uyu\u015fturucu madde ve para ele ge\u00e7irildi.<\/h4>\n<p>Kocaeli\u2019nin \u00c7ay\u0131rova il\u00e7esinde d\u00fczenlenen uyu\u015fturucu operasyonunda 4 \u015f\u00fcpheli g\u00f6zalt\u0131na al\u0131nd\u0131. Emniyet g\u00fc\u00e7lerinin bask\u0131n\u0131nda \u00e7ok miktarda uyu\u015fturucu madde ve para ele ge\u00e7irildi.\u00a0<a href=\"https:\/\/www.gercekgundem.com\/guncel\/kocaelide-uyusturucu-operasyonu-2-tutuklama-555194\" target=\"_blank\" class=\"feedzy-rss-link-icon\">Read More<\/a><\/p>","protected":false},"excerpt":{"rendered":"<p>Kocaeli\u2019nin \u00c7ay\u0131rova il\u00e7esinde d\u00fczenlenen uyu\u015fturucu operasyonunda 4 \u015f\u00fcpheli g\u00f6zalt\u0131na al\u0131nd\u0131. Emniyet g\u00fc\u00e7lerinin bask\u0131n\u0131nda \u00e7ok miktarda uyu\u015fturucu madde ve para ele ge\u00e7irildi. Kocaeli\u2019nin \u00c7ay\u0131rova il\u00e7esinde d\u00fczenlenen uyu\u015fturucu operasyonunda 4 \u015f\u00fcpheli g\u00f6zalt\u0131na al\u0131nd\u0131. Emniyet g\u00fc\u00e7lerinin bask\u0131n\u0131nda \u00e7ok miktarda uyu\u015fturucu madde ve para ele ge\u00e7irildi.\u00a0Read More<\/p>\n","protected":false},"author":1,"featured_media":4804,"comment_status":"open","ping_status":"open","sticky":false,"template":"","format":"standard","meta":{"footnotes":"","_links_to":"","_links_to_target":""},"categories":[1],"tags":[],"class_list":["post-4803","post","type-post","status-publish","format-standard","has-post-thumbnail","hentry","category-haberler"],"_links":{"self":[{"href":"https:\/\/www.abchukuk.com\/index.php\/wp-json\/wp\/v2\/posts\/4803","targetHints":{"allow":["GET"]}}],"collection":[{"href":"https:\/\/www.abchukuk.com\/index.php\/wp-json\/wp\/v2\/posts"}],"about":[{"href":"https:\/\/www.abchukuk.com\/index.php\/wp-json\/wp\/v2\/types\/post"}],"author":[{"embeddable":true,"href":"https:\/\/www.abchukuk.com\/index.php\/wp-json\/wp\/v2\/users\/1"}],"replies":[{"embeddable":true,"href":"https:\/\/www.abchukuk.com\/index.php\/wp-json\/wp\/v2\/comments?post=4803"}],"version-history":[{"count":0,"href":"https:\/\/www.abchukuk.com\/index.php\/wp-json\/wp\/v2\/posts\/4803\/revisions"}],"wp:featuredmedia":[{"embeddable":true,"href":"https:\/\/www.abchukuk.com\/index.php\/wp-json\/wp\/v2\/media\/4804"}],"wp:attachment":[{"href":"https:\/\/www.abchukuk.com\/index.php\/wp-json\/wp\/v2\/media?parent=4803"}],"wp:term":[{"taxonomy":"category","embeddable":true,"href":"https:\/\/www.abchukuk.com\/index.php\/wp-json\/wp\/v2\/categories?post=4803"},{"taxonomy":"post_tag","embeddable":true,"href":"https:\/\/www.abchukuk.com\/index.php\/wp-json\/wp\/v2\/tags?post=4803"}],"curies":[{"name":"wp","href":"https:\/\/api.w.org\/{rel}","templated":true}]}}