{"id":4801,"date":"2025-09-13T13:04:00","date_gmt":"2025-09-13T13:04:00","guid":{"rendered":"https:\/\/www.abchukuk.com\/index.php\/2025\/09\/13\/adalet-bakani-tunc-chpyi-hedef-aldi-yalan-uretim-merkezine-donustuler\/"},"modified":"2025-09-13T13:04:00","modified_gmt":"2025-09-13T13:04:00","slug":"adalet-bakani-tunc-chpyi-hedef-aldi-yalan-uretim-merkezine-donustuler","status":"publish","type":"post","link":"https:\/\/www.abchukuk.com\/index.php\/2025\/09\/13\/adalet-bakani-tunc-chpyi-hedef-aldi-yalan-uretim-merkezine-donustuler\/","title":{"rendered":"Adalet Bakan\u0131 Tun\u00e7, CHP&#8217;yi hedef ald\u0131: &#8216;Yalan \u00fcretim merkezine d\u00f6n\u00fc\u015ft\u00fcler&#8217;"},"content":{"rendered":"<p>Bal\u0131kesir\u2019de konu\u015fan Adalet Bakan\u0131 Y\u0131lmaz Tun\u00e7, dikkat \u00e7eken a\u00e7\u0131klamalar yapt\u0131. CHP\u2019yi sert s\u00f6zlerle ele\u015ftiren Bakan Tun\u00e7 \u201cCHP Genel Merkezi adeta bir yalan \u00fcretim merkezine d\u00f6n\u00fc\u015ft\u00fc\u201d dedi Ter\u00f6rs\u00fcz T\u00fcrkiye s\u00fcrecine ili\u015fkinde konu\u015fan Bakan Tun\u00e7 \u201cBu s\u00fcre\u00e7 bir pazarl\u0131k de\u011fil. \u015eehit ailelerini \u00fczecek, onlar\u0131n kalbini k\u0131racak hi\u00e7bir ad\u0131m at\u0131lmayacak\u201d diye belirtti.Bal\u0131kesir\u2019de konu\u015fan Adalet Bakan\u0131 Y\u0131lmaz Tun\u00e7, dikkat \u00e7eken a\u00e7\u0131klamalar yapt\u0131. CHP\u2019yi sert s\u00f6zlerle ele\u015ftiren Bakan Tun\u00e7 \u201cCHP Genel Merkezi adeta bir yalan \u00fcretim merkezine d\u00f6n\u00fc\u015ft\u00fc\u201d dedi Ter\u00f6rs\u00fcz T\u00fcrkiye s\u00fcrecine ili\u015fkinde konu\u015fan Bakan Tun\u00e7 \u201cBu s\u00fcre\u00e7 bir pazarl\u0131k de\u011fil. \u015eehit ailelerini \u00fczecek, onlar\u0131n kalbini k\u0131racak hi\u00e7bir ad\u0131m at\u0131lmayacak\u201d diye belirtti.\u00a0<a href=\"https:\/\/www.cumhuriyet.com.tr\/siyaset\/adalet-bakani-tunc-chp-yi-hedef-aldi-yalan-uretim-merkezine-donustuler-2434787\" target=\"_blank\" class=\"feedzy-rss-link-icon\">Read More<\/a><\/p>","protected":false},"excerpt":{"rendered":"<p>Bal\u0131kesir\u2019de konu\u015fan Adalet Bakan\u0131 Y\u0131lmaz Tun\u00e7, dikkat \u00e7eken a\u00e7\u0131klamalar yapt\u0131. CHP\u2019yi sert s\u00f6zlerle ele\u015ftiren Bakan Tun\u00e7 \u201cCHP Genel Merkezi adeta bir yalan \u00fcretim merkezine d\u00f6n\u00fc\u015ft\u00fc\u201d dedi Ter\u00f6rs\u00fcz T\u00fcrkiye s\u00fcrecine ili\u015fkinde konu\u015fan Bakan Tun\u00e7 \u201cBu s\u00fcre\u00e7 bir pazarl\u0131k de\u011fil. \u015eehit ailelerini \u00fczecek, onlar\u0131n kalbini k\u0131racak hi\u00e7bir ad\u0131m at\u0131lmayacak\u201d diye belirtti.Bal\u0131kesir\u2019de konu\u015fan Adalet Bakan\u0131 Y\u0131lmaz Tun\u00e7, dikkat [&hellip;]<\/p>\n","protected":false},"author":1,"featured_media":4802,"comment_status":"open","ping_status":"open","sticky":false,"template":"","format":"standard","meta":{"footnotes":"","_links_to":"","_links_to_target":""},"categories":[1],"tags":[],"class_list":["post-4801","post","type-post","status-publish","format-standard","has-post-thumbnail","hentry","category-haberler"],"_links":{"self":[{"href":"https:\/\/www.abchukuk.com\/index.php\/wp-json\/wp\/v2\/posts\/4801","targetHints":{"allow":["GET"]}}],"collection":[{"href":"https:\/\/www.abchukuk.com\/index.php\/wp-json\/wp\/v2\/posts"}],"about":[{"href":"https:\/\/www.abchukuk.com\/index.php\/wp-json\/wp\/v2\/types\/post"}],"author":[{"embeddable":true,"href":"https:\/\/www.abchukuk.com\/index.php\/wp-json\/wp\/v2\/users\/1"}],"replies":[{"embeddable":true,"href":"https:\/\/www.abchukuk.com\/index.php\/wp-json\/wp\/v2\/comments?post=4801"}],"version-history":[{"count":0,"href":"https:\/\/www.abchukuk.com\/index.php\/wp-json\/wp\/v2\/posts\/4801\/revisions"}],"wp:featuredmedia":[{"embeddable":true,"href":"https:\/\/www.abchukuk.com\/index.php\/wp-json\/wp\/v2\/media\/4802"}],"wp:attachment":[{"href":"https:\/\/www.abchukuk.com\/index.php\/wp-json\/wp\/v2\/media?parent=4801"}],"wp:term":[{"taxonomy":"category","embeddable":true,"href":"https:\/\/www.abchukuk.com\/index.php\/wp-json\/wp\/v2\/categories?post=4801"},{"taxonomy":"post_tag","embeddable":true,"href":"https:\/\/www.abchukuk.com\/index.php\/wp-json\/wp\/v2\/tags?post=4801"}],"curies":[{"name":"wp","href":"https:\/\/api.w.org\/{rel}","templated":true}]}}