{"id":4799,"date":"2025-09-13T13:29:00","date_gmt":"2025-09-13T13:29:00","guid":{"rendered":"https:\/\/www.abchukuk.com\/index.php\/2025\/09\/13\/bayrampasa-belediyesine-operasyon-baskan-yardimcisi-ve-once-ilke-cagdas-avukatlar-grubu-uyesi-avukat-atilla-ozen-de-gozaltinda\/"},"modified":"2025-09-13T13:29:00","modified_gmt":"2025-09-13T13:29:00","slug":"bayrampasa-belediyesine-operasyon-baskan-yardimcisi-ve-once-ilke-cagdas-avukatlar-grubu-uyesi-avukat-atilla-ozen-de-gozaltinda","status":"publish","type":"post","link":"https:\/\/www.abchukuk.com\/index.php\/2025\/09\/13\/bayrampasa-belediyesine-operasyon-baskan-yardimcisi-ve-once-ilke-cagdas-avukatlar-grubu-uyesi-avukat-atilla-ozen-de-gozaltinda\/","title":{"rendered":"Bayrampa\u015fa Belediyesi&#8217;ne operasyon\u2026 Ba\u015fkan Yard\u0131mc\u0131s\u0131 ve \u00d6nce \u0130lke \u00c7a\u011fda\u015f Avukatlar Grubu \u00fcyesi Avukat Atilla \u00d6zen de g\u00f6zalt\u0131nda!"},"content":{"rendered":"<p>Sabah saatlerinde Bayrampa\u015fa Belediyesi&#8217;ne d\u00fczenlene operasyonda, g\u00f6zalt\u0131na al\u0131nan isimler aras\u0131nda Ba\u015fkan Yard\u0131mc\u0131s\u0131 ve \u00d6nce \u0130lke \u00c7a\u011fda\u015f Avukatlar Grubu \u00fcyesi Avukat Atilla \u00d6zen de yer ald\u0131.Sabah saatlerinde Bayrampa\u015fa Belediyesi&#8217;ne d\u00fczenlene operasyonda, g\u00f6zalt\u0131na al\u0131nan isimler aras\u0131nda Ba\u015fkan Yard\u0131mc\u0131s\u0131 ve \u00d6nce \u0130lke \u00c7a\u011fda\u015f Avukatlar Grubu \u00fcyesi Avukat Atilla \u00d6zen de yer ald\u0131.\u00a0<a href=\"https:\/\/www.cumhuriyet.com.tr\/siyaset\/bayrampasa-belediyesi-ne-operasyon-baskan-yardimcisi-ve-once-ilke-cagdas-avukatlar-grubu-uyesi-avukat-atilla-ozen-de-gozaltinda-2434793\" target=\"_blank\" class=\"feedzy-rss-link-icon\">Read More<\/a><\/p>","protected":false},"excerpt":{"rendered":"<p>Sabah saatlerinde Bayrampa\u015fa Belediyesi&#8217;ne d\u00fczenlene operasyonda, g\u00f6zalt\u0131na al\u0131nan isimler aras\u0131nda Ba\u015fkan Yard\u0131mc\u0131s\u0131 ve \u00d6nce \u0130lke \u00c7a\u011fda\u015f Avukatlar Grubu \u00fcyesi Avukat Atilla \u00d6zen de yer ald\u0131.Sabah saatlerinde Bayrampa\u015fa Belediyesi&#8217;ne d\u00fczenlene operasyonda, g\u00f6zalt\u0131na al\u0131nan isimler aras\u0131nda Ba\u015fkan Yard\u0131mc\u0131s\u0131 ve \u00d6nce \u0130lke \u00c7a\u011fda\u015f Avukatlar Grubu \u00fcyesi Avukat Atilla \u00d6zen de yer ald\u0131.\u00a0Read More<\/p>\n","protected":false},"author":1,"featured_media":4800,"comment_status":"open","ping_status":"open","sticky":false,"template":"","format":"standard","meta":{"footnotes":"","_links_to":"","_links_to_target":""},"categories":[1],"tags":[],"class_list":["post-4799","post","type-post","status-publish","format-standard","has-post-thumbnail","hentry","category-haberler"],"_links":{"self":[{"href":"https:\/\/www.abchukuk.com\/index.php\/wp-json\/wp\/v2\/posts\/4799","targetHints":{"allow":["GET"]}}],"collection":[{"href":"https:\/\/www.abchukuk.com\/index.php\/wp-json\/wp\/v2\/posts"}],"about":[{"href":"https:\/\/www.abchukuk.com\/index.php\/wp-json\/wp\/v2\/types\/post"}],"author":[{"embeddable":true,"href":"https:\/\/www.abchukuk.com\/index.php\/wp-json\/wp\/v2\/users\/1"}],"replies":[{"embeddable":true,"href":"https:\/\/www.abchukuk.com\/index.php\/wp-json\/wp\/v2\/comments?post=4799"}],"version-history":[{"count":0,"href":"https:\/\/www.abchukuk.com\/index.php\/wp-json\/wp\/v2\/posts\/4799\/revisions"}],"wp:featuredmedia":[{"embeddable":true,"href":"https:\/\/www.abchukuk.com\/index.php\/wp-json\/wp\/v2\/media\/4800"}],"wp:attachment":[{"href":"https:\/\/www.abchukuk.com\/index.php\/wp-json\/wp\/v2\/media?parent=4799"}],"wp:term":[{"taxonomy":"category","embeddable":true,"href":"https:\/\/www.abchukuk.com\/index.php\/wp-json\/wp\/v2\/categories?post=4799"},{"taxonomy":"post_tag","embeddable":true,"href":"https:\/\/www.abchukuk.com\/index.php\/wp-json\/wp\/v2\/tags?post=4799"}],"curies":[{"name":"wp","href":"https:\/\/api.w.org\/{rel}","templated":true}]}}