{"id":4797,"date":"2025-09-13T13:47:00","date_gmt":"2025-09-13T13:47:00","guid":{"rendered":"https:\/\/www.abchukuk.com\/index.php\/2025\/09\/13\/son-dakika-imamoglunun-durusmada-cekilen-goruntulerine-sorusturma\/"},"modified":"2025-09-13T13:47:00","modified_gmt":"2025-09-13T13:47:00","slug":"son-dakika-imamoglunun-durusmada-cekilen-goruntulerine-sorusturma","status":"publish","type":"post","link":"https:\/\/www.abchukuk.com\/index.php\/2025\/09\/13\/son-dakika-imamoglunun-durusmada-cekilen-goruntulerine-sorusturma\/","title":{"rendered":"Son dakika: \u0130mamo\u011flu&#8217;nun duru\u015fmada \u00e7ekilen g\u00f6r\u00fcnt\u00fclerine soru\u015fturma!"},"content":{"rendered":"<p>Son dakika haberi&#8230; Silivri Cezaevi&#8217;nde tutuklu bulunan Ekrem \u0130mamo\u011flu&#8217;nun duru\u015fma salonundaki g\u00f6r\u00fcnt\u00fclerinin kayda al\u0131nmas\u0131 hakk\u0131nda \u0130stanbul Cumhuriyet Ba\u015fsavc\u0131l\u0131\u011f\u0131 taraf\u0131ndan soru\u015fturma ba\u015flat\u0131ld\u0131.Son dakika haberi&#8230; Silivri Cezaevi&#8217;nde tutuklu bulunan Ekrem \u0130mamo\u011flu&#8217;nun duru\u015fma salonundaki g\u00f6r\u00fcnt\u00fclerinin kayda al\u0131nmas\u0131 hakk\u0131nda \u0130stanbul Cumhuriyet Ba\u015fsavc\u0131l\u0131\u011f\u0131 taraf\u0131ndan soru\u015fturma ba\u015flat\u0131ld\u0131.\u00a0<a href=\"https:\/\/www.dunya.com\/gundem\/son-dakika-imamoglunun-durusmada-cekilen-goruntulerine-sorusturma-haberi-793950\" target=\"_blank\" class=\"feedzy-rss-link-icon\">Read More<\/a><\/p>","protected":false},"excerpt":{"rendered":"<p>Son dakika haberi&#8230; Silivri Cezaevi&#8217;nde tutuklu bulunan Ekrem \u0130mamo\u011flu&#8217;nun duru\u015fma salonundaki g\u00f6r\u00fcnt\u00fclerinin kayda al\u0131nmas\u0131 hakk\u0131nda \u0130stanbul Cumhuriyet Ba\u015fsavc\u0131l\u0131\u011f\u0131 taraf\u0131ndan soru\u015fturma ba\u015flat\u0131ld\u0131.Son dakika haberi&#8230; Silivri Cezaevi&#8217;nde tutuklu bulunan Ekrem \u0130mamo\u011flu&#8217;nun duru\u015fma salonundaki g\u00f6r\u00fcnt\u00fclerinin kayda al\u0131nmas\u0131 hakk\u0131nda \u0130stanbul Cumhuriyet Ba\u015fsavc\u0131l\u0131\u011f\u0131 taraf\u0131ndan soru\u015fturma ba\u015flat\u0131ld\u0131.\u00a0Read More<\/p>\n","protected":false},"author":1,"featured_media":4798,"comment_status":"open","ping_status":"open","sticky":false,"template":"","format":"standard","meta":{"footnotes":"","_links_to":"","_links_to_target":""},"categories":[1],"tags":[],"class_list":["post-4797","post","type-post","status-publish","format-standard","has-post-thumbnail","hentry","category-haberler"],"_links":{"self":[{"href":"https:\/\/www.abchukuk.com\/index.php\/wp-json\/wp\/v2\/posts\/4797","targetHints":{"allow":["GET"]}}],"collection":[{"href":"https:\/\/www.abchukuk.com\/index.php\/wp-json\/wp\/v2\/posts"}],"about":[{"href":"https:\/\/www.abchukuk.com\/index.php\/wp-json\/wp\/v2\/types\/post"}],"author":[{"embeddable":true,"href":"https:\/\/www.abchukuk.com\/index.php\/wp-json\/wp\/v2\/users\/1"}],"replies":[{"embeddable":true,"href":"https:\/\/www.abchukuk.com\/index.php\/wp-json\/wp\/v2\/comments?post=4797"}],"version-history":[{"count":0,"href":"https:\/\/www.abchukuk.com\/index.php\/wp-json\/wp\/v2\/posts\/4797\/revisions"}],"wp:featuredmedia":[{"embeddable":true,"href":"https:\/\/www.abchukuk.com\/index.php\/wp-json\/wp\/v2\/media\/4798"}],"wp:attachment":[{"href":"https:\/\/www.abchukuk.com\/index.php\/wp-json\/wp\/v2\/media?parent=4797"}],"wp:term":[{"taxonomy":"category","embeddable":true,"href":"https:\/\/www.abchukuk.com\/index.php\/wp-json\/wp\/v2\/categories?post=4797"},{"taxonomy":"post_tag","embeddable":true,"href":"https:\/\/www.abchukuk.com\/index.php\/wp-json\/wp\/v2\/tags?post=4797"}],"curies":[{"name":"wp","href":"https:\/\/api.w.org\/{rel}","templated":true}]}}