{"id":4795,"date":"2025-09-13T13:49:00","date_gmt":"2025-09-13T13:49:00","guid":{"rendered":"https:\/\/www.abchukuk.com\/index.php\/2025\/09\/13\/imamoglunun-mahkeme-goruntulerine-sorusturma\/"},"modified":"2025-09-13T13:49:00","modified_gmt":"2025-09-13T13:49:00","slug":"imamoglunun-mahkeme-goruntulerine-sorusturma","status":"publish","type":"post","link":"https:\/\/www.abchukuk.com\/index.php\/2025\/09\/13\/imamoglunun-mahkeme-goruntulerine-sorusturma\/","title":{"rendered":"\u0130mamo\u011flu&#8217;nun Mahkeme G\u00f6r\u00fcnt\u00fclerine Soru\u015fturma"},"content":{"rendered":"<p><a href=\"https:\/\/www.gercekgundem.com\/guncel\/imamoglunun-mahkeme-goruntulerine-sorusturma-555181\"><br \/>\n                                                            <img decoding=\"async\" src=\"https:\/\/i.gercekgundem.com\/2\/150\/84\/storage\/files\/images\/2025\/09\/13\/imamoglunun-mahkeme-goruntulerine-sorusturma-ahwi.png\" width=\"150\" height=\"84\" border=\"0\" align=\"right\" \/><br \/>\n                                                    <\/a><\/p>\n<h4>Silivri\u2019deki Marmara Cezaevi\u2019nde tutuklu bulunan \u0130BB Ba\u015fkan\u0131 Ekrem \u0130mamo\u011flu\u2019nun duru\u015fma salonundaki g\u00f6r\u00fcnt\u00fclerinin kayda al\u0131nmas\u0131na ili\u015fkin soru\u015fturma ba\u015flat\u0131ld\u0131.<\/h4>\n<p>Silivri\u2019deki Marmara Cezaevi\u2019nde tutuklu bulunan \u0130BB Ba\u015fkan\u0131 Ekrem \u0130mamo\u011flu\u2019nun duru\u015fma salonundaki g\u00f6r\u00fcnt\u00fclerinin kayda al\u0131nmas\u0131na ili\u015fkin soru\u015fturma ba\u015flat\u0131ld\u0131.\u00a0<a href=\"https:\/\/www.gercekgundem.com\/guncel\/imamoglunun-mahkeme-goruntulerine-sorusturma-555181\" target=\"_blank\" class=\"feedzy-rss-link-icon\">Read More<\/a><\/p>","protected":false},"excerpt":{"rendered":"<p>Silivri\u2019deki Marmara Cezaevi\u2019nde tutuklu bulunan \u0130BB Ba\u015fkan\u0131 Ekrem \u0130mamo\u011flu\u2019nun duru\u015fma salonundaki g\u00f6r\u00fcnt\u00fclerinin kayda al\u0131nmas\u0131na ili\u015fkin soru\u015fturma ba\u015flat\u0131ld\u0131. Silivri\u2019deki Marmara Cezaevi\u2019nde tutuklu bulunan \u0130BB Ba\u015fkan\u0131 Ekrem \u0130mamo\u011flu\u2019nun duru\u015fma salonundaki g\u00f6r\u00fcnt\u00fclerinin kayda al\u0131nmas\u0131na ili\u015fkin soru\u015fturma ba\u015flat\u0131ld\u0131.\u00a0Read More<\/p>\n","protected":false},"author":1,"featured_media":4796,"comment_status":"open","ping_status":"open","sticky":false,"template":"","format":"standard","meta":{"footnotes":"","_links_to":"","_links_to_target":""},"categories":[1],"tags":[],"class_list":["post-4795","post","type-post","status-publish","format-standard","has-post-thumbnail","hentry","category-haberler"],"_links":{"self":[{"href":"https:\/\/www.abchukuk.com\/index.php\/wp-json\/wp\/v2\/posts\/4795","targetHints":{"allow":["GET"]}}],"collection":[{"href":"https:\/\/www.abchukuk.com\/index.php\/wp-json\/wp\/v2\/posts"}],"about":[{"href":"https:\/\/www.abchukuk.com\/index.php\/wp-json\/wp\/v2\/types\/post"}],"author":[{"embeddable":true,"href":"https:\/\/www.abchukuk.com\/index.php\/wp-json\/wp\/v2\/users\/1"}],"replies":[{"embeddable":true,"href":"https:\/\/www.abchukuk.com\/index.php\/wp-json\/wp\/v2\/comments?post=4795"}],"version-history":[{"count":0,"href":"https:\/\/www.abchukuk.com\/index.php\/wp-json\/wp\/v2\/posts\/4795\/revisions"}],"wp:featuredmedia":[{"embeddable":true,"href":"https:\/\/www.abchukuk.com\/index.php\/wp-json\/wp\/v2\/media\/4796"}],"wp:attachment":[{"href":"https:\/\/www.abchukuk.com\/index.php\/wp-json\/wp\/v2\/media?parent=4795"}],"wp:term":[{"taxonomy":"category","embeddable":true,"href":"https:\/\/www.abchukuk.com\/index.php\/wp-json\/wp\/v2\/categories?post=4795"},{"taxonomy":"post_tag","embeddable":true,"href":"https:\/\/www.abchukuk.com\/index.php\/wp-json\/wp\/v2\/tags?post=4795"}],"curies":[{"name":"wp","href":"https:\/\/api.w.org\/{rel}","templated":true}]}}