{"id":4793,"date":"2025-09-13T13:53:00","date_gmt":"2025-09-13T13:53:00","guid":{"rendered":"https:\/\/www.abchukuk.com\/index.php\/2025\/09\/13\/son-dakika-oktay-saral-istedi-savcilik-jet-hiziyla-harekete-gecti-imamoglunun-mahkeme-goruntulerine-sorusturma\/"},"modified":"2025-09-13T13:53:00","modified_gmt":"2025-09-13T13:53:00","slug":"son-dakika-oktay-saral-istedi-savcilik-jet-hiziyla-harekete-gecti-imamoglunun-mahkeme-goruntulerine-sorusturma","status":"publish","type":"post","link":"https:\/\/www.abchukuk.com\/index.php\/2025\/09\/13\/son-dakika-oktay-saral-istedi-savcilik-jet-hiziyla-harekete-gecti-imamoglunun-mahkeme-goruntulerine-sorusturma\/","title":{"rendered":"Son dakika&#8230; Oktay Saral istedi, savc\u0131l\u0131k jet h\u0131z\u0131yla harekete ge\u00e7ti: \u0130mamo\u011flu&#8217;nun mahkeme g\u00f6r\u00fcnt\u00fclerine soru\u015fturma!"},"content":{"rendered":"<p>Son dakika haberi&#8230; Silivri Cezaevi&#8217;nde tutuklu bulunan \u0130BB Ba\u015fkan\u0131 Ekrem \u0130mamo\u011flu&#8217;nun d\u00fcn duru\u015fma salonundaki g\u00f6r\u00fcnt\u00fclerinin kayda al\u0131nmas\u0131 hakk\u0131nda soru\u015fturma ba\u015flat\u0131ld\u0131. Soru\u015fturman\u0131n, Erdo\u011fan&#8217;\u0131n ba\u015fdan\u0131\u015fman\u0131 Oktay Saral&#8217;\u0131n payla\u015f\u0131m\u0131 sonras\u0131 dikkat \u00e7ekti.Son dakika haberi&#8230; Silivri Cezaevi&#8217;nde tutuklu bulunan \u0130BB Ba\u015fkan\u0131 Ekrem \u0130mamo\u011flu&#8217;nun d\u00fcn duru\u015fma salonundaki g\u00f6r\u00fcnt\u00fclerinin kayda al\u0131nmas\u0131 hakk\u0131nda soru\u015fturma ba\u015flat\u0131ld\u0131. Soru\u015fturman\u0131n, Erdo\u011fan&#8217;\u0131n ba\u015fdan\u0131\u015fman\u0131 Oktay Saral&#8217;\u0131n payla\u015f\u0131m\u0131 sonras\u0131 dikkat \u00e7ekti.\u00a0<a href=\"https:\/\/www.cumhuriyet.com.tr\/siyaset\/son-dakika-oktay-saral-istedi-savcilik-harekete-gecti-imamoglu-nun-mahkeme-goruntulerine-sorusturma-2434802\" target=\"_blank\" class=\"feedzy-rss-link-icon\">Read More<\/a><\/p>","protected":false},"excerpt":{"rendered":"<p>Son dakika haberi&#8230; Silivri Cezaevi&#8217;nde tutuklu bulunan \u0130BB Ba\u015fkan\u0131 Ekrem \u0130mamo\u011flu&#8217;nun d\u00fcn duru\u015fma salonundaki g\u00f6r\u00fcnt\u00fclerinin kayda al\u0131nmas\u0131 hakk\u0131nda soru\u015fturma ba\u015flat\u0131ld\u0131. Soru\u015fturman\u0131n, Erdo\u011fan&#8217;\u0131n ba\u015fdan\u0131\u015fman\u0131 Oktay Saral&#8217;\u0131n payla\u015f\u0131m\u0131 sonras\u0131 dikkat \u00e7ekti.Son dakika haberi&#8230; Silivri Cezaevi&#8217;nde tutuklu bulunan \u0130BB Ba\u015fkan\u0131 Ekrem \u0130mamo\u011flu&#8217;nun d\u00fcn duru\u015fma salonundaki g\u00f6r\u00fcnt\u00fclerinin kayda al\u0131nmas\u0131 hakk\u0131nda soru\u015fturma ba\u015flat\u0131ld\u0131. Soru\u015fturman\u0131n, Erdo\u011fan&#8217;\u0131n ba\u015fdan\u0131\u015fman\u0131 Oktay Saral&#8217;\u0131n payla\u015f\u0131m\u0131 sonras\u0131 [&hellip;]<\/p>\n","protected":false},"author":1,"featured_media":4794,"comment_status":"open","ping_status":"open","sticky":false,"template":"","format":"standard","meta":{"footnotes":"","_links_to":"","_links_to_target":""},"categories":[1],"tags":[],"class_list":["post-4793","post","type-post","status-publish","format-standard","has-post-thumbnail","hentry","category-haberler"],"_links":{"self":[{"href":"https:\/\/www.abchukuk.com\/index.php\/wp-json\/wp\/v2\/posts\/4793","targetHints":{"allow":["GET"]}}],"collection":[{"href":"https:\/\/www.abchukuk.com\/index.php\/wp-json\/wp\/v2\/posts"}],"about":[{"href":"https:\/\/www.abchukuk.com\/index.php\/wp-json\/wp\/v2\/types\/post"}],"author":[{"embeddable":true,"href":"https:\/\/www.abchukuk.com\/index.php\/wp-json\/wp\/v2\/users\/1"}],"replies":[{"embeddable":true,"href":"https:\/\/www.abchukuk.com\/index.php\/wp-json\/wp\/v2\/comments?post=4793"}],"version-history":[{"count":0,"href":"https:\/\/www.abchukuk.com\/index.php\/wp-json\/wp\/v2\/posts\/4793\/revisions"}],"wp:featuredmedia":[{"embeddable":true,"href":"https:\/\/www.abchukuk.com\/index.php\/wp-json\/wp\/v2\/media\/4794"}],"wp:attachment":[{"href":"https:\/\/www.abchukuk.com\/index.php\/wp-json\/wp\/v2\/media?parent=4793"}],"wp:term":[{"taxonomy":"category","embeddable":true,"href":"https:\/\/www.abchukuk.com\/index.php\/wp-json\/wp\/v2\/categories?post=4793"},{"taxonomy":"post_tag","embeddable":true,"href":"https:\/\/www.abchukuk.com\/index.php\/wp-json\/wp\/v2\/tags?post=4793"}],"curies":[{"name":"wp","href":"https:\/\/api.w.org\/{rel}","templated":true}]}}