{"id":4789,"date":"2025-09-13T12:50:00","date_gmt":"2025-09-13T12:50:00","guid":{"rendered":"https:\/\/www.abchukuk.com\/index.php\/2025\/09\/13\/chpli-cevdet-akaydan-koyluler-icin-tazminat-kanun-teklifi\/"},"modified":"2025-09-13T12:50:00","modified_gmt":"2025-09-13T12:50:00","slug":"chpli-cevdet-akaydan-koyluler-icin-tazminat-kanun-teklifi","status":"publish","type":"post","link":"https:\/\/www.abchukuk.com\/index.php\/2025\/09\/13\/chpli-cevdet-akaydan-koyluler-icin-tazminat-kanun-teklifi\/","title":{"rendered":"CHP\u2019li Cevdet Akay\u2019dan k\u00f6yl\u00fcler i\u00e7in tazminat kanun teklifi"},"content":{"rendered":"<p>CHP Karab\u00fck Milletvekili Cevdet Akay, yaban hayvanlar\u0131n\u0131n tar\u0131m arazilerinde ve k\u00f6y ya\u015fam alanlar\u0131nda yol a\u00e7t\u0131\u011f\u0131 zararlara kar\u015f\u0131 k\u00f6yl\u00fclerin tazminat alabilmesi i\u00e7in Meclis\u2019e kanun teklifi sundu. Teklif, zararlar\u0131n \u0130l \u00d6zel \u0130daresi ve Tar\u0131m ve Orman Bakanl\u0131\u011f\u0131 b\u00fct\u00e7elerinden kar\u015f\u0131lanmas\u0131n\u0131 \u00f6ng\u00f6r\u00fcyor.CHP Karab\u00fck Milletvekili Cevdet Akay, yaban hayvanlar\u0131n\u0131n tar\u0131m arazilerinde ve k\u00f6y ya\u015fam alanlar\u0131nda yol a\u00e7t\u0131\u011f\u0131 zararlara kar\u015f\u0131 k\u00f6yl\u00fclerin tazminat alabilmesi i\u00e7in Meclis\u2019e kanun teklifi sundu. Teklif, zararlar\u0131n \u0130l \u00d6zel \u0130daresi ve Tar\u0131m ve Orman Bakanl\u0131\u011f\u0131 b\u00fct\u00e7elerinden kar\u015f\u0131lanmas\u0131n\u0131 \u00f6ng\u00f6r\u00fcyor.\u00a0<a href=\"https:\/\/www.dunya.com\/gundem\/chpli-cevdet-akaydan-koyluler-icin-tazminat-kanun-teklifi-haberi-793942\" target=\"_blank\" class=\"feedzy-rss-link-icon\">Read More<\/a><\/p>","protected":false},"excerpt":{"rendered":"<p>CHP Karab\u00fck Milletvekili Cevdet Akay, yaban hayvanlar\u0131n\u0131n tar\u0131m arazilerinde ve k\u00f6y ya\u015fam alanlar\u0131nda yol a\u00e7t\u0131\u011f\u0131 zararlara kar\u015f\u0131 k\u00f6yl\u00fclerin tazminat alabilmesi i\u00e7in Meclis\u2019e kanun teklifi sundu. Teklif, zararlar\u0131n \u0130l \u00d6zel \u0130daresi ve Tar\u0131m ve Orman Bakanl\u0131\u011f\u0131 b\u00fct\u00e7elerinden kar\u015f\u0131lanmas\u0131n\u0131 \u00f6ng\u00f6r\u00fcyor.CHP Karab\u00fck Milletvekili Cevdet Akay, yaban hayvanlar\u0131n\u0131n tar\u0131m arazilerinde ve k\u00f6y ya\u015fam alanlar\u0131nda yol a\u00e7t\u0131\u011f\u0131 zararlara kar\u015f\u0131 k\u00f6yl\u00fclerin [&hellip;]<\/p>\n","protected":false},"author":1,"featured_media":4790,"comment_status":"open","ping_status":"open","sticky":false,"template":"","format":"standard","meta":{"footnotes":"","_links_to":"","_links_to_target":""},"categories":[1],"tags":[],"class_list":["post-4789","post","type-post","status-publish","format-standard","has-post-thumbnail","hentry","category-haberler"],"_links":{"self":[{"href":"https:\/\/www.abchukuk.com\/index.php\/wp-json\/wp\/v2\/posts\/4789","targetHints":{"allow":["GET"]}}],"collection":[{"href":"https:\/\/www.abchukuk.com\/index.php\/wp-json\/wp\/v2\/posts"}],"about":[{"href":"https:\/\/www.abchukuk.com\/index.php\/wp-json\/wp\/v2\/types\/post"}],"author":[{"embeddable":true,"href":"https:\/\/www.abchukuk.com\/index.php\/wp-json\/wp\/v2\/users\/1"}],"replies":[{"embeddable":true,"href":"https:\/\/www.abchukuk.com\/index.php\/wp-json\/wp\/v2\/comments?post=4789"}],"version-history":[{"count":0,"href":"https:\/\/www.abchukuk.com\/index.php\/wp-json\/wp\/v2\/posts\/4789\/revisions"}],"wp:featuredmedia":[{"embeddable":true,"href":"https:\/\/www.abchukuk.com\/index.php\/wp-json\/wp\/v2\/media\/4790"}],"wp:attachment":[{"href":"https:\/\/www.abchukuk.com\/index.php\/wp-json\/wp\/v2\/media?parent=4789"}],"wp:term":[{"taxonomy":"category","embeddable":true,"href":"https:\/\/www.abchukuk.com\/index.php\/wp-json\/wp\/v2\/categories?post=4789"},{"taxonomy":"post_tag","embeddable":true,"href":"https:\/\/www.abchukuk.com\/index.php\/wp-json\/wp\/v2\/tags?post=4789"}],"curies":[{"name":"wp","href":"https:\/\/api.w.org\/{rel}","templated":true}]}}