{"id":4787,"date":"2025-09-13T12:58:42","date_gmt":"2025-09-13T12:58:42","guid":{"rendered":"https:\/\/www.abchukuk.com\/index.php\/2025\/09\/13\/adalet-nobetinde-36-gun-adanadan-yola-cikan-chpli-gencler-istanbulda-bu-mucadele-yargi-baskisina-karsi-bir-durus\/"},"modified":"2025-09-13T12:58:42","modified_gmt":"2025-09-13T12:58:42","slug":"adalet-nobetinde-36-gun-adanadan-yola-cikan-chpli-gencler-istanbulda-bu-mucadele-yargi-baskisina-karsi-bir-durus","status":"publish","type":"post","link":"https:\/\/www.abchukuk.com\/index.php\/2025\/09\/13\/adalet-nobetinde-36-gun-adanadan-yola-cikan-chpli-gencler-istanbulda-bu-mucadele-yargi-baskisina-karsi-bir-durus\/","title":{"rendered":"Adalet N\u00f6betinde 36. G\u00fcn! Adana\u2019dan Yola \u00c7\u0131kan CHP\u2019li Gen\u00e7ler \u0130stanbul\u2019da: &#8216;Bu M\u00fccadele Yarg\u0131 Bask\u0131s\u0131na Kar\u015f\u0131 Bir Duru\u015f&#8217;"},"content":{"rendered":"<p><a href=\"https:\/\/www.gercekgundem.com\/guncel\/adalet-nobetinde-36-gun-adanadan-yola-cikan-chpli-gencler-istanbulda-bu-mucadele-yargi-baskisina-karsi-bir-durus-555171\"><br \/>\n                                                            <img decoding=\"async\" src=\"https:\/\/i.gercekgundem.com\/2\/150\/84\/storage\/files\/images\/2025\/09\/13\/adalet-nobetinde-36-gun-adanadan-yola-cikan-chpli-gencler-istanbulda-bu-mucadele-yargi-baskisina-karsi-bir-durus-1nv1.png\" width=\"150\" height=\"84\" border=\"0\" align=\"right\" \/><br \/>\n                                                    <\/a><\/p>\n<h4>Tutuklu Adana B\u00fcy\u00fck\u015fehir Belediye Ba\u015fkan\u0131 Zeydan Karalar ile g\u00f6revden uzakla\u015ft\u0131r\u0131lan CHP\u2019li belediye ba\u015fkanlar\u0131na destek olmak amac\u0131yla y\u00fcr\u00fcy\u00fc\u015fe \u00e7\u0131kan CHP\u2019li gen\u00e7ler, \u0130stanbul\u2019dan seslendi. Gen\u00e7ler \u201cBu adalet y\u00fcr\u00fcy\u00fc\u015f\u00fcyle gurur duyuyoruz. Bu m\u00fccadele, siyasi operasyonlara, yarg\u0131 bask\u0131s\u0131na ve hukuksuzlu\u011fa kar\u015f\u0131 bir duru\u015ftur\u201d dedi.<\/h4>\n<p>Tutuklu Adana B\u00fcy\u00fck\u015fehir Belediye Ba\u015fkan\u0131 Zeydan Karalar ile g\u00f6revden uzakla\u015ft\u0131r\u0131lan CHP\u2019li belediye ba\u015fkanlar\u0131na destek olmak amac\u0131yla y\u00fcr\u00fcy\u00fc\u015fe \u00e7\u0131kan CHP\u2019li gen\u00e7ler, \u0130stanbul\u2019dan seslendi. Gen\u00e7ler \u201cBu adalet y\u00fcr\u00fcy\u00fc\u015f\u00fcyle gurur duyuyoruz. Bu m\u00fccadele, siyasi operasyonlara, yarg\u0131 bask\u0131s\u0131na ve hukuksuzlu\u011fa kar\u015f\u0131 bir duru\u015ftur\u201d dedi.\u00a0<a href=\"https:\/\/www.gercekgundem.com\/guncel\/adalet-nobetinde-36-gun-adanadan-yola-cikan-chpli-gencler-istanbulda-bu-mucadele-yargi-baskisina-karsi-bir-durus-555171\" target=\"_blank\" class=\"feedzy-rss-link-icon\">Read More<\/a><\/p>","protected":false},"excerpt":{"rendered":"<p>Tutuklu Adana B\u00fcy\u00fck\u015fehir Belediye Ba\u015fkan\u0131 Zeydan Karalar ile g\u00f6revden uzakla\u015ft\u0131r\u0131lan CHP\u2019li belediye ba\u015fkanlar\u0131na destek olmak amac\u0131yla y\u00fcr\u00fcy\u00fc\u015fe \u00e7\u0131kan CHP\u2019li gen\u00e7ler, \u0130stanbul\u2019dan seslendi. Gen\u00e7ler \u201cBu adalet y\u00fcr\u00fcy\u00fc\u015f\u00fcyle gurur duyuyoruz. Bu m\u00fccadele, siyasi operasyonlara, yarg\u0131 bask\u0131s\u0131na ve hukuksuzlu\u011fa kar\u015f\u0131 bir duru\u015ftur\u201d dedi. Tutuklu Adana B\u00fcy\u00fck\u015fehir Belediye Ba\u015fkan\u0131 Zeydan Karalar ile g\u00f6revden uzakla\u015ft\u0131r\u0131lan CHP\u2019li belediye ba\u015fkanlar\u0131na destek olmak [&hellip;]<\/p>\n","protected":false},"author":1,"featured_media":4788,"comment_status":"open","ping_status":"open","sticky":false,"template":"","format":"standard","meta":{"footnotes":"","_links_to":"","_links_to_target":""},"categories":[1],"tags":[],"class_list":["post-4787","post","type-post","status-publish","format-standard","has-post-thumbnail","hentry","category-haberler"],"_links":{"self":[{"href":"https:\/\/www.abchukuk.com\/index.php\/wp-json\/wp\/v2\/posts\/4787","targetHints":{"allow":["GET"]}}],"collection":[{"href":"https:\/\/www.abchukuk.com\/index.php\/wp-json\/wp\/v2\/posts"}],"about":[{"href":"https:\/\/www.abchukuk.com\/index.php\/wp-json\/wp\/v2\/types\/post"}],"author":[{"embeddable":true,"href":"https:\/\/www.abchukuk.com\/index.php\/wp-json\/wp\/v2\/users\/1"}],"replies":[{"embeddable":true,"href":"https:\/\/www.abchukuk.com\/index.php\/wp-json\/wp\/v2\/comments?post=4787"}],"version-history":[{"count":0,"href":"https:\/\/www.abchukuk.com\/index.php\/wp-json\/wp\/v2\/posts\/4787\/revisions"}],"wp:featuredmedia":[{"embeddable":true,"href":"https:\/\/www.abchukuk.com\/index.php\/wp-json\/wp\/v2\/media\/4788"}],"wp:attachment":[{"href":"https:\/\/www.abchukuk.com\/index.php\/wp-json\/wp\/v2\/media?parent=4787"}],"wp:term":[{"taxonomy":"category","embeddable":true,"href":"https:\/\/www.abchukuk.com\/index.php\/wp-json\/wp\/v2\/categories?post=4787"},{"taxonomy":"post_tag","embeddable":true,"href":"https:\/\/www.abchukuk.com\/index.php\/wp-json\/wp\/v2\/tags?post=4787"}],"curies":[{"name":"wp","href":"https:\/\/api.w.org\/{rel}","templated":true}]}}