{"id":4773,"date":"2025-09-12T10:12:30","date_gmt":"2025-09-12T10:12:30","guid":{"rendered":"https:\/\/www.abchukuk.com\/index.php\/2025\/09\/12\/bahceli-tutuklu-belediye-baskanlari-chp-baris-sureci-ve-erdoganla-ilgili-neler-soyledi\/"},"modified":"2025-09-12T10:12:30","modified_gmt":"2025-09-12T10:12:30","slug":"bahceli-tutuklu-belediye-baskanlari-chp-baris-sureci-ve-erdoganla-ilgili-neler-soyledi","status":"publish","type":"post","link":"https:\/\/www.abchukuk.com\/index.php\/2025\/09\/12\/bahceli-tutuklu-belediye-baskanlari-chp-baris-sureci-ve-erdoganla-ilgili-neler-soyledi\/","title":{"rendered":"Bah\u00e7eli tutuklu belediye ba\u015fkanlar\u0131, CHP, bar\u0131\u015f s\u00fcreci ve Erdo\u011fan&#8217;la ilgili neler s\u00f6yledi?"},"content":{"rendered":"<p>MHP Genel Ba\u015fkan\u0131 Devlet Bah\u00e7eli, Sabah gazetesine verdi\u011fi r\u00f6portajda  Cumhur \u0130ttifak\u0131&#8217;ndaki gidi\u015fattan Cumhurba\u015fkan\u0131 Recep Tayyip Erdo\u011fan&#8217;\u0131n yeniden aday olmas\u0131na, CHP&#8217;deki son geli\u015fmelerden bar\u0131\u015f s\u00fcrecine kadar bir\u00e7ok konuda de\u011ferlendirmelerde bulundu.MHP Genel Ba\u015fkan\u0131 Devlet Bah\u00e7eli, Sabah gazetesine verdi\u011fi r\u00f6portajda  Cumhur \u0130ttifak\u0131&#8217;ndaki gidi\u015fattan Cumhurba\u015fkan\u0131 Recep Tayyip Erdo\u011fan&#8217;\u0131n yeniden aday olmas\u0131na, CHP&#8217;deki son geli\u015fmelerden bar\u0131\u015f s\u00fcrecine kadar bir\u00e7ok konuda de\u011ferlendirmelerde bulundu.\u00a0<a href=\"https:\/\/www.bbc.com\/turkce\/articles\/cn4w88gxvxxo?at_medium=RSS&amp;at_campaign=rss\" target=\"_blank\" class=\"feedzy-rss-link-icon\">Read More<\/a><\/p>","protected":false},"excerpt":{"rendered":"<p>MHP Genel Ba\u015fkan\u0131 Devlet Bah\u00e7eli, Sabah gazetesine verdi\u011fi r\u00f6portajda Cumhur \u0130ttifak\u0131&#8217;ndaki gidi\u015fattan Cumhurba\u015fkan\u0131 Recep Tayyip Erdo\u011fan&#8217;\u0131n yeniden aday olmas\u0131na, CHP&#8217;deki son geli\u015fmelerden bar\u0131\u015f s\u00fcrecine kadar bir\u00e7ok konuda de\u011ferlendirmelerde bulundu.MHP Genel Ba\u015fkan\u0131 Devlet Bah\u00e7eli, Sabah gazetesine verdi\u011fi r\u00f6portajda Cumhur \u0130ttifak\u0131&#8217;ndaki gidi\u015fattan Cumhurba\u015fkan\u0131 Recep Tayyip Erdo\u011fan&#8217;\u0131n yeniden aday olmas\u0131na, CHP&#8217;deki son geli\u015fmelerden bar\u0131\u015f s\u00fcrecine kadar bir\u00e7ok konuda [&hellip;]<\/p>\n","protected":false},"author":1,"featured_media":4628,"comment_status":"open","ping_status":"open","sticky":false,"template":"","format":"standard","meta":{"footnotes":"","_links_to":"","_links_to_target":""},"categories":[1],"tags":[],"class_list":["post-4773","post","type-post","status-publish","format-standard","has-post-thumbnail","hentry","category-haberler"],"_links":{"self":[{"href":"https:\/\/www.abchukuk.com\/index.php\/wp-json\/wp\/v2\/posts\/4773","targetHints":{"allow":["GET"]}}],"collection":[{"href":"https:\/\/www.abchukuk.com\/index.php\/wp-json\/wp\/v2\/posts"}],"about":[{"href":"https:\/\/www.abchukuk.com\/index.php\/wp-json\/wp\/v2\/types\/post"}],"author":[{"embeddable":true,"href":"https:\/\/www.abchukuk.com\/index.php\/wp-json\/wp\/v2\/users\/1"}],"replies":[{"embeddable":true,"href":"https:\/\/www.abchukuk.com\/index.php\/wp-json\/wp\/v2\/comments?post=4773"}],"version-history":[{"count":0,"href":"https:\/\/www.abchukuk.com\/index.php\/wp-json\/wp\/v2\/posts\/4773\/revisions"}],"wp:featuredmedia":[{"embeddable":true,"href":"https:\/\/www.abchukuk.com\/index.php\/wp-json\/wp\/v2\/media\/4628"}],"wp:attachment":[{"href":"https:\/\/www.abchukuk.com\/index.php\/wp-json\/wp\/v2\/media?parent=4773"}],"wp:term":[{"taxonomy":"category","embeddable":true,"href":"https:\/\/www.abchukuk.com\/index.php\/wp-json\/wp\/v2\/categories?post=4773"},{"taxonomy":"post_tag","embeddable":true,"href":"https:\/\/www.abchukuk.com\/index.php\/wp-json\/wp\/v2\/tags?post=4773"}],"curies":[{"name":"wp","href":"https:\/\/api.w.org\/{rel}","templated":true}]}}