{"id":4770,"date":"2025-09-13T06:52:00","date_gmt":"2025-09-13T06:52:00","guid":{"rendered":"https:\/\/www.abchukuk.com\/index.php\/2025\/09\/13\/3-milletlerarasi-anlasma-resmi-gazetede-yayimlandi\/"},"modified":"2025-09-13T06:52:00","modified_gmt":"2025-09-13T06:52:00","slug":"3-milletlerarasi-anlasma-resmi-gazetede-yayimlandi","status":"publish","type":"post","link":"https:\/\/www.abchukuk.com\/index.php\/2025\/09\/13\/3-milletlerarasi-anlasma-resmi-gazetede-yayimlandi\/","title":{"rendered":"3 milletleraras\u0131 anla\u015fma Resmi Gazete\u2019de yay\u0131mland\u0131"},"content":{"rendered":"<p>T\u00fcrkiye\u2019nin imzalad\u0131\u011f\u0131 3 milletleraras\u0131 anla\u015fma, Cumhurba\u015fkan\u0131 Recep Tayyip Erdo\u011fan taraf\u0131ndan onaylanarak Resmi Gazete\u2019de yay\u0131mland\u0131. Kararlar aras\u0131nda Asya Kalk\u0131nma Bankas\u0131 ile imzalanan mektup ve UNICEF ile \u0130stanbul\u2019da k\u00fcresel ofis kurulmas\u0131na ili\u015fkin anla\u015fmalar yer ald\u0131.T\u00fcrkiye\u2019nin imzalad\u0131\u011f\u0131 3 milletleraras\u0131 anla\u015fma, Cumhurba\u015fkan\u0131 Recep Tayyip Erdo\u011fan taraf\u0131ndan onaylanarak Resmi Gazete\u2019de yay\u0131mland\u0131. Kararlar aras\u0131nda Asya Kalk\u0131nma Bankas\u0131 ile imzalanan mektup ve UNICEF ile \u0130stanbul\u2019da k\u00fcresel ofis kurulmas\u0131na ili\u015fkin anla\u015fmalar yer ald\u0131.\u00a0<a href=\"https:\/\/www.dunya.com\/gundem\/3-milletlerarasi-anlasma-resmi-gazetede-yayimlandi-haberi-793895\" target=\"_blank\" class=\"feedzy-rss-link-icon\">Read More<\/a><\/p>","protected":false},"excerpt":{"rendered":"<p>T\u00fcrkiye\u2019nin imzalad\u0131\u011f\u0131 3 milletleraras\u0131 anla\u015fma, Cumhurba\u015fkan\u0131 Recep Tayyip Erdo\u011fan taraf\u0131ndan onaylanarak Resmi Gazete\u2019de yay\u0131mland\u0131. Kararlar aras\u0131nda Asya Kalk\u0131nma Bankas\u0131 ile imzalanan mektup ve UNICEF ile \u0130stanbul\u2019da k\u00fcresel ofis kurulmas\u0131na ili\u015fkin anla\u015fmalar yer ald\u0131.T\u00fcrkiye\u2019nin imzalad\u0131\u011f\u0131 3 milletleraras\u0131 anla\u015fma, Cumhurba\u015fkan\u0131 Recep Tayyip Erdo\u011fan taraf\u0131ndan onaylanarak Resmi Gazete\u2019de yay\u0131mland\u0131. Kararlar aras\u0131nda Asya Kalk\u0131nma Bankas\u0131 ile imzalanan mektup ve [&hellip;]<\/p>\n","protected":false},"author":1,"featured_media":4771,"comment_status":"open","ping_status":"open","sticky":false,"template":"","format":"standard","meta":{"footnotes":"","_links_to":"","_links_to_target":""},"categories":[1],"tags":[],"class_list":["post-4770","post","type-post","status-publish","format-standard","has-post-thumbnail","hentry","category-haberler"],"_links":{"self":[{"href":"https:\/\/www.abchukuk.com\/index.php\/wp-json\/wp\/v2\/posts\/4770","targetHints":{"allow":["GET"]}}],"collection":[{"href":"https:\/\/www.abchukuk.com\/index.php\/wp-json\/wp\/v2\/posts"}],"about":[{"href":"https:\/\/www.abchukuk.com\/index.php\/wp-json\/wp\/v2\/types\/post"}],"author":[{"embeddable":true,"href":"https:\/\/www.abchukuk.com\/index.php\/wp-json\/wp\/v2\/users\/1"}],"replies":[{"embeddable":true,"href":"https:\/\/www.abchukuk.com\/index.php\/wp-json\/wp\/v2\/comments?post=4770"}],"version-history":[{"count":0,"href":"https:\/\/www.abchukuk.com\/index.php\/wp-json\/wp\/v2\/posts\/4770\/revisions"}],"wp:featuredmedia":[{"embeddable":true,"href":"https:\/\/www.abchukuk.com\/index.php\/wp-json\/wp\/v2\/media\/4771"}],"wp:attachment":[{"href":"https:\/\/www.abchukuk.com\/index.php\/wp-json\/wp\/v2\/media?parent=4770"}],"wp:term":[{"taxonomy":"category","embeddable":true,"href":"https:\/\/www.abchukuk.com\/index.php\/wp-json\/wp\/v2\/categories?post=4770"},{"taxonomy":"post_tag","embeddable":true,"href":"https:\/\/www.abchukuk.com\/index.php\/wp-json\/wp\/v2\/tags?post=4770"}],"curies":[{"name":"wp","href":"https:\/\/api.w.org\/{rel}","templated":true}]}}