{"id":4767,"date":"2025-09-13T07:12:28","date_gmt":"2025-09-13T07:12:28","guid":{"rendered":"https:\/\/www.abchukuk.com\/index.php\/2025\/09\/13\/chpli-bayrampasa-belediyesine-safak-operasyonu-baskan-hasan-mutlu-dahil-48-kisi-gozaltina-alindi\/"},"modified":"2025-09-13T07:12:28","modified_gmt":"2025-09-13T07:12:28","slug":"chpli-bayrampasa-belediyesine-safak-operasyonu-baskan-hasan-mutlu-dahil-48-kisi-gozaltina-alindi","status":"publish","type":"post","link":"https:\/\/www.abchukuk.com\/index.php\/2025\/09\/13\/chpli-bayrampasa-belediyesine-safak-operasyonu-baskan-hasan-mutlu-dahil-48-kisi-gozaltina-alindi\/","title":{"rendered":"CHP&#8217;li Bayrampa\u015fa Belediyesi&#8217;ne \u015fafak operasyonu: Ba\u015fkan Hasan Mutlu dahil 48 ki\u015fi g\u00f6zalt\u0131na al\u0131nd\u0131"},"content":{"rendered":"<p>\u0130stanbul\u2019da Bayrampa\u015fa Belediyesi\u2019ne y\u00f6nelik y\u00fcr\u00fct\u00fclen yolsuzluk soru\u015fturmas\u0131 kapsam\u0131nda 48 ki\u015fi hakk\u0131nda g\u00f6zalt\u0131 karar\u0131 verildi. Belediye Ba\u015fkan\u0131 Hasan Mutlu\u2019nun da aralar\u0131nda bulundu\u011fu \u00e7ok say\u0131da \u015f\u00fcpheli yakalan\u0131rken, 72 adreste e\u015f zamanl\u0131 arama yap\u0131ld\u0131\u011f\u0131 \u00f6\u011frenildi.\u0130stanbul\u2019da Bayrampa\u015fa Belediyesi\u2019ne y\u00f6nelik y\u00fcr\u00fct\u00fclen yolsuzluk soru\u015fturmas\u0131 kapsam\u0131nda 48 ki\u015fi hakk\u0131nda g\u00f6zalt\u0131 karar\u0131 verildi. Belediye Ba\u015fkan\u0131 Hasan Mutlu\u2019nun da aralar\u0131nda bulundu\u011fu \u00e7ok say\u0131da \u015f\u00fcpheli yakalan\u0131rken, 72 adreste e\u015f zamanl\u0131 arama yap\u0131ld\u0131\u011f\u0131 \u00f6\u011frenildi.\u00a0<a href=\"https:\/\/anlatilaninotesi.com.tr\/20250913\/chpli-bayrampasa-belediyesine-safak-operasyonu-baskan-hasan-mutlu-dahil-48-kisi-gozaltina-alindi-1099335025.html\" target=\"_blank\" class=\"feedzy-rss-link-icon\">Read More<\/a><\/p>","protected":false},"excerpt":{"rendered":"<p>\u0130stanbul\u2019da Bayrampa\u015fa Belediyesi\u2019ne y\u00f6nelik y\u00fcr\u00fct\u00fclen yolsuzluk soru\u015fturmas\u0131 kapsam\u0131nda 48 ki\u015fi hakk\u0131nda g\u00f6zalt\u0131 karar\u0131 verildi. Belediye Ba\u015fkan\u0131 Hasan Mutlu\u2019nun da aralar\u0131nda bulundu\u011fu \u00e7ok say\u0131da \u015f\u00fcpheli yakalan\u0131rken, 72 adreste e\u015f zamanl\u0131 arama yap\u0131ld\u0131\u011f\u0131 \u00f6\u011frenildi.\u0130stanbul\u2019da Bayrampa\u015fa Belediyesi\u2019ne y\u00f6nelik y\u00fcr\u00fct\u00fclen yolsuzluk soru\u015fturmas\u0131 kapsam\u0131nda 48 ki\u015fi hakk\u0131nda g\u00f6zalt\u0131 karar\u0131 verildi. Belediye Ba\u015fkan\u0131 Hasan Mutlu\u2019nun da aralar\u0131nda bulundu\u011fu \u00e7ok say\u0131da \u015f\u00fcpheli [&hellip;]<\/p>\n","protected":false},"author":1,"featured_media":0,"comment_status":"open","ping_status":"open","sticky":false,"template":"","format":"standard","meta":{"footnotes":"","_links_to":"","_links_to_target":""},"categories":[1],"tags":[],"class_list":["post-4767","post","type-post","status-publish","format-standard","hentry","category-haberler"],"_links":{"self":[{"href":"https:\/\/www.abchukuk.com\/index.php\/wp-json\/wp\/v2\/posts\/4767","targetHints":{"allow":["GET"]}}],"collection":[{"href":"https:\/\/www.abchukuk.com\/index.php\/wp-json\/wp\/v2\/posts"}],"about":[{"href":"https:\/\/www.abchukuk.com\/index.php\/wp-json\/wp\/v2\/types\/post"}],"author":[{"embeddable":true,"href":"https:\/\/www.abchukuk.com\/index.php\/wp-json\/wp\/v2\/users\/1"}],"replies":[{"embeddable":true,"href":"https:\/\/www.abchukuk.com\/index.php\/wp-json\/wp\/v2\/comments?post=4767"}],"version-history":[{"count":0,"href":"https:\/\/www.abchukuk.com\/index.php\/wp-json\/wp\/v2\/posts\/4767\/revisions"}],"wp:attachment":[{"href":"https:\/\/www.abchukuk.com\/index.php\/wp-json\/wp\/v2\/media?parent=4767"}],"wp:term":[{"taxonomy":"category","embeddable":true,"href":"https:\/\/www.abchukuk.com\/index.php\/wp-json\/wp\/v2\/categories?post=4767"},{"taxonomy":"post_tag","embeddable":true,"href":"https:\/\/www.abchukuk.com\/index.php\/wp-json\/wp\/v2\/tags?post=4767"}],"curies":[{"name":"wp","href":"https:\/\/api.w.org\/{rel}","templated":true}]}}