{"id":4757,"date":"2025-09-13T06:18:00","date_gmt":"2025-09-13T06:18:00","guid":{"rendered":"https:\/\/www.abchukuk.com\/index.php\/2025\/09\/13\/hasan-mutlu-kimdir-bayrampasa-belediye-baskani-hasan-mutlu-neden-gozaltina-alindi\/"},"modified":"2025-09-13T06:18:00","modified_gmt":"2025-09-13T06:18:00","slug":"hasan-mutlu-kimdir-bayrampasa-belediye-baskani-hasan-mutlu-neden-gozaltina-alindi","status":"publish","type":"post","link":"https:\/\/www.abchukuk.com\/index.php\/2025\/09\/13\/hasan-mutlu-kimdir-bayrampasa-belediye-baskani-hasan-mutlu-neden-gozaltina-alindi\/","title":{"rendered":"Hasan Mutlu kimdir? Bayrampa\u015fa Belediye Ba\u015fkan\u0131 Hasan Mutlu neden g\u00f6zalt\u0131na al\u0131nd\u0131?"},"content":{"rendered":"<p>31 Mart 2024 tarihinde yap\u0131lacak Mahalli \u0130dareler Se\u00e7iminde CHP&#8217;den Bayrampa\u015fa Belediye Ba\u015fkan\u0131 olarak se\u00e7ilen Hasan Mutlu g\u00f6zalt\u0131na al\u0131nd\u0131. Peki, Hasan Mutlu kimdir? Bayrampa\u015fa Belediye Ba\u015fkan\u0131 Hasan Mutlu neden g\u00f6zalt\u0131na al\u0131nd\u0131?31 Mart 2024 tarihinde yap\u0131lacak Mahalli \u0130dareler Se\u00e7iminde CHP&#8217;den Bayrampa\u015fa Belediye Ba\u015fkan\u0131 olarak se\u00e7ilen Hasan Mutlu g\u00f6zalt\u0131na al\u0131nd\u0131. Peki, Hasan Mutlu kimdir? Bayrampa\u015fa Belediye Ba\u015fkan\u0131 Hasan Mutlu neden g\u00f6zalt\u0131na al\u0131nd\u0131?\u00a0<a href=\"https:\/\/www.cumhuriyet.com.tr\/siyaset\/hasan-mutlu-kimdir-bayrampasa-belediye-baskani-hasan-mutlu-neden-gozaltina-alindi-2434703\" target=\"_blank\" class=\"feedzy-rss-link-icon\">Read More<\/a><\/p>","protected":false},"excerpt":{"rendered":"<p>31 Mart 2024 tarihinde yap\u0131lacak Mahalli \u0130dareler Se\u00e7iminde CHP&#8217;den Bayrampa\u015fa Belediye Ba\u015fkan\u0131 olarak se\u00e7ilen Hasan Mutlu g\u00f6zalt\u0131na al\u0131nd\u0131. Peki, Hasan Mutlu kimdir? Bayrampa\u015fa Belediye Ba\u015fkan\u0131 Hasan Mutlu neden g\u00f6zalt\u0131na al\u0131nd\u0131?31 Mart 2024 tarihinde yap\u0131lacak Mahalli \u0130dareler Se\u00e7iminde CHP&#8217;den Bayrampa\u015fa Belediye Ba\u015fkan\u0131 olarak se\u00e7ilen Hasan Mutlu g\u00f6zalt\u0131na al\u0131nd\u0131. Peki, Hasan Mutlu kimdir? Bayrampa\u015fa Belediye Ba\u015fkan\u0131 Hasan [&hellip;]<\/p>\n","protected":false},"author":1,"featured_media":4758,"comment_status":"open","ping_status":"open","sticky":false,"template":"","format":"standard","meta":{"footnotes":"","_links_to":"","_links_to_target":""},"categories":[1],"tags":[],"class_list":["post-4757","post","type-post","status-publish","format-standard","has-post-thumbnail","hentry","category-haberler"],"_links":{"self":[{"href":"https:\/\/www.abchukuk.com\/index.php\/wp-json\/wp\/v2\/posts\/4757","targetHints":{"allow":["GET"]}}],"collection":[{"href":"https:\/\/www.abchukuk.com\/index.php\/wp-json\/wp\/v2\/posts"}],"about":[{"href":"https:\/\/www.abchukuk.com\/index.php\/wp-json\/wp\/v2\/types\/post"}],"author":[{"embeddable":true,"href":"https:\/\/www.abchukuk.com\/index.php\/wp-json\/wp\/v2\/users\/1"}],"replies":[{"embeddable":true,"href":"https:\/\/www.abchukuk.com\/index.php\/wp-json\/wp\/v2\/comments?post=4757"}],"version-history":[{"count":0,"href":"https:\/\/www.abchukuk.com\/index.php\/wp-json\/wp\/v2\/posts\/4757\/revisions"}],"wp:featuredmedia":[{"embeddable":true,"href":"https:\/\/www.abchukuk.com\/index.php\/wp-json\/wp\/v2\/media\/4758"}],"wp:attachment":[{"href":"https:\/\/www.abchukuk.com\/index.php\/wp-json\/wp\/v2\/media?parent=4757"}],"wp:term":[{"taxonomy":"category","embeddable":true,"href":"https:\/\/www.abchukuk.com\/index.php\/wp-json\/wp\/v2\/categories?post=4757"},{"taxonomy":"post_tag","embeddable":true,"href":"https:\/\/www.abchukuk.com\/index.php\/wp-json\/wp\/v2\/tags?post=4757"}],"curies":[{"name":"wp","href":"https:\/\/api.w.org\/{rel}","templated":true}]}}