{"id":4755,"date":"2025-09-13T06:41:18","date_gmt":"2025-09-13T06:41:18","guid":{"rendered":"https:\/\/www.abchukuk.com\/index.php\/2025\/09\/13\/umraniyede-iett-otobusu-alev-aldi-yolcular-son-anda-tahliye-edildi\/"},"modified":"2025-09-13T06:41:18","modified_gmt":"2025-09-13T06:41:18","slug":"umraniyede-iett-otobusu-alev-aldi-yolcular-son-anda-tahliye-edildi","status":"publish","type":"post","link":"https:\/\/www.abchukuk.com\/index.php\/2025\/09\/13\/umraniyede-iett-otobusu-alev-aldi-yolcular-son-anda-tahliye-edildi\/","title":{"rendered":"\u00dcmraniye\u2019de \u0130ETT Otob\u00fcs\u00fc Alev Ald\u0131: Yolcular Son Anda Tahliye Edildi"},"content":{"rendered":"<p><a href=\"https:\/\/www.gercekgundem.com\/guncel\/umraniyede-iett-otobusu-alev-aldi-yolcular-son-anda-tahliye-edildi-555090\"><br \/>\n                                                            <img decoding=\"async\" src=\"https:\/\/i.gercekgundem.com\/2\/150\/84\/storage\/files\/images\/2025\/09\/13\/umraniyede-iett-otobusu-alev-aldi-yolcular-son-anda-tahliye-edildi-evtx.jpg\" width=\"150\" height=\"84\" border=\"0\" align=\"right\" \/><br \/>\n                                                    <\/a><\/p>\n<h4>\u0130stanbul&#8217;un \u00dcmraniye il\u00e7esinde, Ata\u015fehir-Bostanc\u0131 seferini yapan bir \u0130ETT otob\u00fcs\u00fc motor k\u0131sm\u0131nda \u00e7\u0131kan yang\u0131nla kullan\u0131lamaz hale geldi. Yolcular alevleri fark ederek hemen tahliye olurken, itfaiye ekipleri yang\u0131n\u0131 s\u00f6nd\u00fcrd\u00fc.<\/h4>\n<p>\u0130stanbul&#8217;un \u00dcmraniye il\u00e7esinde, Ata\u015fehir-Bostanc\u0131 seferini yapan bir \u0130ETT otob\u00fcs\u00fc motor k\u0131sm\u0131nda \u00e7\u0131kan yang\u0131nla kullan\u0131lamaz hale geldi. Yolcular alevleri fark ederek hemen tahliye olurken, itfaiye ekipleri yang\u0131n\u0131 s\u00f6nd\u00fcrd\u00fc.\u00a0<a href=\"https:\/\/www.gercekgundem.com\/guncel\/umraniyede-iett-otobusu-alev-aldi-yolcular-son-anda-tahliye-edildi-555090\" target=\"_blank\" class=\"feedzy-rss-link-icon\">Read More<\/a><\/p>","protected":false},"excerpt":{"rendered":"<p>\u0130stanbul&#8217;un \u00dcmraniye il\u00e7esinde, Ata\u015fehir-Bostanc\u0131 seferini yapan bir \u0130ETT otob\u00fcs\u00fc motor k\u0131sm\u0131nda \u00e7\u0131kan yang\u0131nla kullan\u0131lamaz hale geldi. Yolcular alevleri fark ederek hemen tahliye olurken, itfaiye ekipleri yang\u0131n\u0131 s\u00f6nd\u00fcrd\u00fc. \u0130stanbul&#8217;un \u00dcmraniye il\u00e7esinde, Ata\u015fehir-Bostanc\u0131 seferini yapan bir \u0130ETT otob\u00fcs\u00fc motor k\u0131sm\u0131nda \u00e7\u0131kan yang\u0131nla kullan\u0131lamaz hale geldi. Yolcular alevleri fark ederek hemen tahliye olurken, itfaiye ekipleri yang\u0131n\u0131 s\u00f6nd\u00fcrd\u00fc.\u00a0Read More<\/p>\n","protected":false},"author":1,"featured_media":4756,"comment_status":"open","ping_status":"open","sticky":false,"template":"","format":"standard","meta":{"footnotes":"","_links_to":"","_links_to_target":""},"categories":[1],"tags":[],"class_list":["post-4755","post","type-post","status-publish","format-standard","has-post-thumbnail","hentry","category-haberler"],"_links":{"self":[{"href":"https:\/\/www.abchukuk.com\/index.php\/wp-json\/wp\/v2\/posts\/4755","targetHints":{"allow":["GET"]}}],"collection":[{"href":"https:\/\/www.abchukuk.com\/index.php\/wp-json\/wp\/v2\/posts"}],"about":[{"href":"https:\/\/www.abchukuk.com\/index.php\/wp-json\/wp\/v2\/types\/post"}],"author":[{"embeddable":true,"href":"https:\/\/www.abchukuk.com\/index.php\/wp-json\/wp\/v2\/users\/1"}],"replies":[{"embeddable":true,"href":"https:\/\/www.abchukuk.com\/index.php\/wp-json\/wp\/v2\/comments?post=4755"}],"version-history":[{"count":0,"href":"https:\/\/www.abchukuk.com\/index.php\/wp-json\/wp\/v2\/posts\/4755\/revisions"}],"wp:featuredmedia":[{"embeddable":true,"href":"https:\/\/www.abchukuk.com\/index.php\/wp-json\/wp\/v2\/media\/4756"}],"wp:attachment":[{"href":"https:\/\/www.abchukuk.com\/index.php\/wp-json\/wp\/v2\/media?parent=4755"}],"wp:term":[{"taxonomy":"category","embeddable":true,"href":"https:\/\/www.abchukuk.com\/index.php\/wp-json\/wp\/v2\/categories?post=4755"},{"taxonomy":"post_tag","embeddable":true,"href":"https:\/\/www.abchukuk.com\/index.php\/wp-json\/wp\/v2\/tags?post=4755"}],"curies":[{"name":"wp","href":"https:\/\/api.w.org\/{rel}","templated":true}]}}