{"id":4751,"date":"2025-09-13T04:35:00","date_gmt":"2025-09-13T04:35:00","guid":{"rendered":"https:\/\/www.abchukuk.com\/index.php\/2025\/09\/13\/bayrampasa-belediyesine-operasyon-belediye-baskani-hasan-mutlu-dahil-46-kisi-hakkinda-gozalti-karari\/"},"modified":"2025-09-13T04:35:00","modified_gmt":"2025-09-13T04:35:00","slug":"bayrampasa-belediyesine-operasyon-belediye-baskani-hasan-mutlu-dahil-46-kisi-hakkinda-gozalti-karari","status":"publish","type":"post","link":"https:\/\/www.abchukuk.com\/index.php\/2025\/09\/13\/bayrampasa-belediyesine-operasyon-belediye-baskani-hasan-mutlu-dahil-46-kisi-hakkinda-gozalti-karari\/","title":{"rendered":"Bayrampa\u015fa Belediyesi&#8217;ne operasyon! Belediye Ba\u015fkan\u0131 Hasan Mutlu dahil 46 ki\u015fi hakk\u0131nda g\u00f6zalt\u0131 karar\u0131"},"content":{"rendered":"<p>Son dakika haberi&#8230; Cumhuriyet Halk Partili Belediyelere y\u00f6nelik operasyonlara sabah saatleri itibar\u0131yla bir yenisi daha eklendi. Bayrampa\u015fa Belediyesi&#8217;ne y\u00f6nelik d\u00fczenlenen operasyonda Belediye Ba\u015fkan\u0131 Hasan Mutlu dahil olmak \u00fczere 46 ki\u015fi hakk\u0131nda g\u00f6zalt\u0131 karar\u0131 verildi. Polis ekipleri, y\u00fcr\u00fct\u00fclen soru\u015fturma kapsam\u0131nda belediye binas\u0131nda arama yap\u0131yor.Son dakika haberi&#8230; Cumhuriyet Halk Partili Belediyelere y\u00f6nelik operasyonlara sabah saatleri itibar\u0131yla bir yenisi daha eklendi. Bayrampa\u015fa Belediyesi&#8217;ne y\u00f6nelik d\u00fczenlenen operasyonda Belediye Ba\u015fkan\u0131 Hasan Mutlu dahil olmak \u00fczere 46 ki\u015fi hakk\u0131nda g\u00f6zalt\u0131 karar\u0131 verildi. Polis ekipleri, y\u00fcr\u00fct\u00fclen soru\u015fturma kapsam\u0131nda belediye binas\u0131nda arama yap\u0131yor.\u00a0<a href=\"https:\/\/www.dunya.com\/gundem\/bayrampasa-belediyesine-operasyon-belediye-baskani-hasan-mutlu-dahil-46-kisi-hakkinda-gozalti-karari-haberi-793873\" target=\"_blank\" class=\"feedzy-rss-link-icon\">Read More<\/a><\/p>","protected":false},"excerpt":{"rendered":"<p>Son dakika haberi&#8230; Cumhuriyet Halk Partili Belediyelere y\u00f6nelik operasyonlara sabah saatleri itibar\u0131yla bir yenisi daha eklendi. Bayrampa\u015fa Belediyesi&#8217;ne y\u00f6nelik d\u00fczenlenen operasyonda Belediye Ba\u015fkan\u0131 Hasan Mutlu dahil olmak \u00fczere 46 ki\u015fi hakk\u0131nda g\u00f6zalt\u0131 karar\u0131 verildi. Polis ekipleri, y\u00fcr\u00fct\u00fclen soru\u015fturma kapsam\u0131nda belediye binas\u0131nda arama yap\u0131yor.Son dakika haberi&#8230; Cumhuriyet Halk Partili Belediyelere y\u00f6nelik operasyonlara sabah saatleri itibar\u0131yla bir [&hellip;]<\/p>\n","protected":false},"author":1,"featured_media":4752,"comment_status":"open","ping_status":"open","sticky":false,"template":"","format":"standard","meta":{"footnotes":"","_links_to":"","_links_to_target":""},"categories":[1],"tags":[],"class_list":["post-4751","post","type-post","status-publish","format-standard","has-post-thumbnail","hentry","category-haberler"],"_links":{"self":[{"href":"https:\/\/www.abchukuk.com\/index.php\/wp-json\/wp\/v2\/posts\/4751","targetHints":{"allow":["GET"]}}],"collection":[{"href":"https:\/\/www.abchukuk.com\/index.php\/wp-json\/wp\/v2\/posts"}],"about":[{"href":"https:\/\/www.abchukuk.com\/index.php\/wp-json\/wp\/v2\/types\/post"}],"author":[{"embeddable":true,"href":"https:\/\/www.abchukuk.com\/index.php\/wp-json\/wp\/v2\/users\/1"}],"replies":[{"embeddable":true,"href":"https:\/\/www.abchukuk.com\/index.php\/wp-json\/wp\/v2\/comments?post=4751"}],"version-history":[{"count":0,"href":"https:\/\/www.abchukuk.com\/index.php\/wp-json\/wp\/v2\/posts\/4751\/revisions"}],"wp:featuredmedia":[{"embeddable":true,"href":"https:\/\/www.abchukuk.com\/index.php\/wp-json\/wp\/v2\/media\/4752"}],"wp:attachment":[{"href":"https:\/\/www.abchukuk.com\/index.php\/wp-json\/wp\/v2\/media?parent=4751"}],"wp:term":[{"taxonomy":"category","embeddable":true,"href":"https:\/\/www.abchukuk.com\/index.php\/wp-json\/wp\/v2\/categories?post=4751"},{"taxonomy":"post_tag","embeddable":true,"href":"https:\/\/www.abchukuk.com\/index.php\/wp-json\/wp\/v2\/tags?post=4751"}],"curies":[{"name":"wp","href":"https:\/\/api.w.org\/{rel}","templated":true}]}}