{"id":4747,"date":"2025-09-13T04:54:00","date_gmt":"2025-09-13T04:54:00","guid":{"rendered":"https:\/\/www.abchukuk.com\/index.php\/2025\/09\/13\/son-dakika-bayrampasa-belediye-baskani-hasan-mutlu-gozaltina-alindi\/"},"modified":"2025-09-13T04:54:00","modified_gmt":"2025-09-13T04:54:00","slug":"son-dakika-bayrampasa-belediye-baskani-hasan-mutlu-gozaltina-alindi","status":"publish","type":"post","link":"https:\/\/www.abchukuk.com\/index.php\/2025\/09\/13\/son-dakika-bayrampasa-belediye-baskani-hasan-mutlu-gozaltina-alindi\/","title":{"rendered":"Son dakika&#8230; Bayrampa\u015fa Belediye Ba\u015fkan\u0131 Hasan Mutlu g\u00f6zalt\u0131na al\u0131nd\u0131!"},"content":{"rendered":"<p>Son dakika haberi&#8230; Bayrampa\u015fa Belediyesi&#8217;ne &#8216;yolsuzluk&#8217; iddias\u0131yla d\u00fczenlenen operasyonda 46 ki\u015fi hakk\u0131nda g\u00f6zalt\u0131 karar\u0131 verildi. Bayrampa\u015fa Belediye Ba\u015fkan\u0131 Hasan Mutlu da g\u00f6zalt\u0131na al\u0131nd\u0131.Son dakika haberi&#8230; Bayrampa\u015fa Belediyesi&#8217;ne &#8216;yolsuzluk&#8217; iddias\u0131yla d\u00fczenlenen operasyonda 46 ki\u015fi hakk\u0131nda g\u00f6zalt\u0131 karar\u0131 verildi. Bayrampa\u015fa Belediye Ba\u015fkan\u0131 Hasan Mutlu da g\u00f6zalt\u0131na al\u0131nd\u0131.\u00a0<a href=\"https:\/\/www.cumhuriyet.com.tr\/turkiye\/son-dakika-bayrampasa-belediye-baskani-hasan-mutlu-gozaltina-alindi-2434699\" target=\"_blank\" class=\"feedzy-rss-link-icon\">Read More<\/a><\/p>","protected":false},"excerpt":{"rendered":"<p>Son dakika haberi&#8230; Bayrampa\u015fa Belediyesi&#8217;ne &#8216;yolsuzluk&#8217; iddias\u0131yla d\u00fczenlenen operasyonda 46 ki\u015fi hakk\u0131nda g\u00f6zalt\u0131 karar\u0131 verildi. Bayrampa\u015fa Belediye Ba\u015fkan\u0131 Hasan Mutlu da g\u00f6zalt\u0131na al\u0131nd\u0131.Son dakika haberi&#8230; Bayrampa\u015fa Belediyesi&#8217;ne &#8216;yolsuzluk&#8217; iddias\u0131yla d\u00fczenlenen operasyonda 46 ki\u015fi hakk\u0131nda g\u00f6zalt\u0131 karar\u0131 verildi. Bayrampa\u015fa Belediye Ba\u015fkan\u0131 Hasan Mutlu da g\u00f6zalt\u0131na al\u0131nd\u0131.\u00a0Read More<\/p>\n","protected":false},"author":1,"featured_media":4748,"comment_status":"open","ping_status":"open","sticky":false,"template":"","format":"standard","meta":{"footnotes":"","_links_to":"","_links_to_target":""},"categories":[1],"tags":[],"class_list":["post-4747","post","type-post","status-publish","format-standard","has-post-thumbnail","hentry","category-haberler"],"_links":{"self":[{"href":"https:\/\/www.abchukuk.com\/index.php\/wp-json\/wp\/v2\/posts\/4747","targetHints":{"allow":["GET"]}}],"collection":[{"href":"https:\/\/www.abchukuk.com\/index.php\/wp-json\/wp\/v2\/posts"}],"about":[{"href":"https:\/\/www.abchukuk.com\/index.php\/wp-json\/wp\/v2\/types\/post"}],"author":[{"embeddable":true,"href":"https:\/\/www.abchukuk.com\/index.php\/wp-json\/wp\/v2\/users\/1"}],"replies":[{"embeddable":true,"href":"https:\/\/www.abchukuk.com\/index.php\/wp-json\/wp\/v2\/comments?post=4747"}],"version-history":[{"count":0,"href":"https:\/\/www.abchukuk.com\/index.php\/wp-json\/wp\/v2\/posts\/4747\/revisions"}],"wp:featuredmedia":[{"embeddable":true,"href":"https:\/\/www.abchukuk.com\/index.php\/wp-json\/wp\/v2\/media\/4748"}],"wp:attachment":[{"href":"https:\/\/www.abchukuk.com\/index.php\/wp-json\/wp\/v2\/media?parent=4747"}],"wp:term":[{"taxonomy":"category","embeddable":true,"href":"https:\/\/www.abchukuk.com\/index.php\/wp-json\/wp\/v2\/categories?post=4747"},{"taxonomy":"post_tag","embeddable":true,"href":"https:\/\/www.abchukuk.com\/index.php\/wp-json\/wp\/v2\/tags?post=4747"}],"curies":[{"name":"wp","href":"https:\/\/api.w.org\/{rel}","templated":true}]}}