{"id":4742,"date":"2025-09-13T01:00:00","date_gmt":"2025-09-13T01:00:00","guid":{"rendered":"https:\/\/www.abchukuk.com\/index.php\/2025\/09\/13\/abden-turkiyedeki-siyasi-duruma-iliskin-degerlendirme-hukukun-ustunlugu-siyasi-emellere-alet-mi-ediliyor\/"},"modified":"2025-09-13T01:00:00","modified_gmt":"2025-09-13T01:00:00","slug":"abden-turkiyedeki-siyasi-duruma-iliskin-degerlendirme-hukukun-ustunlugu-siyasi-emellere-alet-mi-ediliyor","status":"publish","type":"post","link":"https:\/\/www.abchukuk.com\/index.php\/2025\/09\/13\/abden-turkiyedeki-siyasi-duruma-iliskin-degerlendirme-hukukun-ustunlugu-siyasi-emellere-alet-mi-ediliyor\/","title":{"rendered":"AB\u2019den T\u00fcrkiye\u2019deki siyasi duruma ili\u015fkin de\u011ferlendirme: \u2018Hukukun \u00fcst\u00fcnl\u00fc\u011f\u00fc siyasi emellere alet mi ediliyor\u2019"},"content":{"rendered":"<p>AB kaynaklar\u0131, \u0130mamo\u011flu\u2019nun tutuklanmas\u0131 ve CHP \u0130stanbul \u0130l Ba\u015fkanl\u0131\u011f\u0131\u2019na kayyum atanmas\u0131yla ilgili yaln\u0131zca CHP\u2019li isimlere i\u015flem yap\u0131lmas\u0131n\u0131n endi\u015fe yaratt\u0131\u011f\u0131n\u0131 belirtti. \u201cNiye di\u011fer belediye ba\u015fkanlar\u0131 da tutuklanm\u0131yor\u201d sorusunu dile getiren kaynaklar, s\u00fcrecin \u015feffaf ilerlemesi ve savunma haklar\u0131n\u0131n korunmas\u0131 gerekti\u011fini vurgulad\u0131.AB kaynaklar\u0131, \u0130mamo\u011flu\u2019nun tutuklanmas\u0131 ve CHP \u0130stanbul \u0130l Ba\u015fkanl\u0131\u011f\u0131\u2019na kayyum atanmas\u0131yla ilgili yaln\u0131zca CHP\u2019li isimlere i\u015flem yap\u0131lmas\u0131n\u0131n endi\u015fe yaratt\u0131\u011f\u0131n\u0131 belirtti. \u201cNiye di\u011fer belediye ba\u015fkanlar\u0131 da tutuklanm\u0131yor\u201d sorusunu dile getiren kaynaklar, s\u00fcrecin \u015feffaf ilerlemesi ve savunma haklar\u0131n\u0131n korunmas\u0131 gerekti\u011fini vurgulad\u0131.\u00a0<a href=\"https:\/\/www.cumhuriyet.com.tr\/turkiye\/ab-den-turkiye-deki-siyasi-duruma-iliskin-degerlendirme-hukukun-ustunlugu-siyasi-emellere-alet-mi-ediliyor-2434645\" target=\"_blank\" class=\"feedzy-rss-link-icon\">Read More<\/a><\/p>","protected":false},"excerpt":{"rendered":"<p>AB kaynaklar\u0131, \u0130mamo\u011flu\u2019nun tutuklanmas\u0131 ve CHP \u0130stanbul \u0130l Ba\u015fkanl\u0131\u011f\u0131\u2019na kayyum atanmas\u0131yla ilgili yaln\u0131zca CHP\u2019li isimlere i\u015flem yap\u0131lmas\u0131n\u0131n endi\u015fe yaratt\u0131\u011f\u0131n\u0131 belirtti. \u201cNiye di\u011fer belediye ba\u015fkanlar\u0131 da tutuklanm\u0131yor\u201d sorusunu dile getiren kaynaklar, s\u00fcrecin \u015feffaf ilerlemesi ve savunma haklar\u0131n\u0131n korunmas\u0131 gerekti\u011fini vurgulad\u0131.AB kaynaklar\u0131, \u0130mamo\u011flu\u2019nun tutuklanmas\u0131 ve CHP \u0130stanbul \u0130l Ba\u015fkanl\u0131\u011f\u0131\u2019na kayyum atanmas\u0131yla ilgili yaln\u0131zca CHP\u2019li isimlere i\u015flem yap\u0131lmas\u0131n\u0131n [&hellip;]<\/p>\n","protected":false},"author":1,"featured_media":4743,"comment_status":"open","ping_status":"open","sticky":false,"template":"","format":"standard","meta":{"footnotes":"","_links_to":"","_links_to_target":""},"categories":[1],"tags":[],"class_list":["post-4742","post","type-post","status-publish","format-standard","has-post-thumbnail","hentry","category-haberler"],"_links":{"self":[{"href":"https:\/\/www.abchukuk.com\/index.php\/wp-json\/wp\/v2\/posts\/4742","targetHints":{"allow":["GET"]}}],"collection":[{"href":"https:\/\/www.abchukuk.com\/index.php\/wp-json\/wp\/v2\/posts"}],"about":[{"href":"https:\/\/www.abchukuk.com\/index.php\/wp-json\/wp\/v2\/types\/post"}],"author":[{"embeddable":true,"href":"https:\/\/www.abchukuk.com\/index.php\/wp-json\/wp\/v2\/users\/1"}],"replies":[{"embeddable":true,"href":"https:\/\/www.abchukuk.com\/index.php\/wp-json\/wp\/v2\/comments?post=4742"}],"version-history":[{"count":0,"href":"https:\/\/www.abchukuk.com\/index.php\/wp-json\/wp\/v2\/posts\/4742\/revisions"}],"wp:featuredmedia":[{"embeddable":true,"href":"https:\/\/www.abchukuk.com\/index.php\/wp-json\/wp\/v2\/media\/4743"}],"wp:attachment":[{"href":"https:\/\/www.abchukuk.com\/index.php\/wp-json\/wp\/v2\/media?parent=4742"}],"wp:term":[{"taxonomy":"category","embeddable":true,"href":"https:\/\/www.abchukuk.com\/index.php\/wp-json\/wp\/v2\/categories?post=4742"},{"taxonomy":"post_tag","embeddable":true,"href":"https:\/\/www.abchukuk.com\/index.php\/wp-json\/wp\/v2\/tags?post=4742"}],"curies":[{"name":"wp","href":"https:\/\/api.w.org\/{rel}","templated":true}]}}