{"id":4738,"date":"2025-09-13T01:00:00","date_gmt":"2025-09-13T01:00:00","guid":{"rendered":"https:\/\/www.abchukuk.com\/index.php\/2025\/09\/13\/iddianamenin-utanc-verici-oldugunu-soyleyen-ozelden-imamoglu-mesaji-yargilanmadi-yargiladi\/"},"modified":"2025-09-13T01:00:00","modified_gmt":"2025-09-13T01:00:00","slug":"iddianamenin-utanc-verici-oldugunu-soyleyen-ozelden-imamoglu-mesaji-yargilanmadi-yargiladi","status":"publish","type":"post","link":"https:\/\/www.abchukuk.com\/index.php\/2025\/09\/13\/iddianamenin-utanc-verici-oldugunu-soyleyen-ozelden-imamoglu-mesaji-yargilanmadi-yargiladi\/","title":{"rendered":"\u0130ddianamenin utan\u00e7 verici oldu\u011funu s\u00f6yleyen \u00d6zel\u2019den \u0130mamo\u011flu mesaj\u0131: &#8216;Yarg\u0131lanmad\u0131, yarg\u0131lad\u0131&#8217;"},"content":{"rendered":"<p>CHP Genel Ba\u015fkan\u0131 \u00d6zg\u00fcr \u00d6zel, Ekrem \u0130mamo\u011flu\u2019nun diploma davas\u0131n\u0131 T\u00fcrk yarg\u0131 tarihinin en utan\u00e7 verici iddianemelerinden biri olarak nitelendirdi. \u00d6zel, \u0130mamo\u011flu\u2019na a\u00e7\u0131lan davan\u0131n tek gerek\u00e7esinin \u2018Erdo\u011fan\u2019\u0131 yenme su\u00e7u\u2019 oldu\u011funu s\u00f6yledi.CHP Genel Ba\u015fkan\u0131 \u00d6zg\u00fcr \u00d6zel, Ekrem \u0130mamo\u011flu\u2019nun diploma davas\u0131n\u0131 T\u00fcrk yarg\u0131 tarihinin en utan\u00e7 verici iddianemelerinden biri olarak nitelendirdi. \u00d6zel, \u0130mamo\u011flu\u2019na a\u00e7\u0131lan davan\u0131n tek gerek\u00e7esinin \u2018Erdo\u011fan\u2019\u0131 yenme su\u00e7u\u2019 oldu\u011funu s\u00f6yledi.\u00a0<a href=\"https:\/\/www.cumhuriyet.com.tr\/siyaset\/iddianamenin-utanc-verici-oldugunu-soyleyen-ozel-den-imamoglu-mesaji-yargilanmadi-yargiladi-2434650\" target=\"_blank\" class=\"feedzy-rss-link-icon\">Read More<\/a><\/p>","protected":false},"excerpt":{"rendered":"<p>CHP Genel Ba\u015fkan\u0131 \u00d6zg\u00fcr \u00d6zel, Ekrem \u0130mamo\u011flu\u2019nun diploma davas\u0131n\u0131 T\u00fcrk yarg\u0131 tarihinin en utan\u00e7 verici iddianemelerinden biri olarak nitelendirdi. \u00d6zel, \u0130mamo\u011flu\u2019na a\u00e7\u0131lan davan\u0131n tek gerek\u00e7esinin \u2018Erdo\u011fan\u2019\u0131 yenme su\u00e7u\u2019 oldu\u011funu s\u00f6yledi.CHP Genel Ba\u015fkan\u0131 \u00d6zg\u00fcr \u00d6zel, Ekrem \u0130mamo\u011flu\u2019nun diploma davas\u0131n\u0131 T\u00fcrk yarg\u0131 tarihinin en utan\u00e7 verici iddianemelerinden biri olarak nitelendirdi. \u00d6zel, \u0130mamo\u011flu\u2019na a\u00e7\u0131lan davan\u0131n tek gerek\u00e7esinin \u2018Erdo\u011fan\u2019\u0131 [&hellip;]<\/p>\n","protected":false},"author":1,"featured_media":4739,"comment_status":"open","ping_status":"open","sticky":false,"template":"","format":"standard","meta":{"footnotes":"","_links_to":"","_links_to_target":""},"categories":[1],"tags":[],"class_list":["post-4738","post","type-post","status-publish","format-standard","has-post-thumbnail","hentry","category-haberler"],"_links":{"self":[{"href":"https:\/\/www.abchukuk.com\/index.php\/wp-json\/wp\/v2\/posts\/4738","targetHints":{"allow":["GET"]}}],"collection":[{"href":"https:\/\/www.abchukuk.com\/index.php\/wp-json\/wp\/v2\/posts"}],"about":[{"href":"https:\/\/www.abchukuk.com\/index.php\/wp-json\/wp\/v2\/types\/post"}],"author":[{"embeddable":true,"href":"https:\/\/www.abchukuk.com\/index.php\/wp-json\/wp\/v2\/users\/1"}],"replies":[{"embeddable":true,"href":"https:\/\/www.abchukuk.com\/index.php\/wp-json\/wp\/v2\/comments?post=4738"}],"version-history":[{"count":0,"href":"https:\/\/www.abchukuk.com\/index.php\/wp-json\/wp\/v2\/posts\/4738\/revisions"}],"wp:featuredmedia":[{"embeddable":true,"href":"https:\/\/www.abchukuk.com\/index.php\/wp-json\/wp\/v2\/media\/4739"}],"wp:attachment":[{"href":"https:\/\/www.abchukuk.com\/index.php\/wp-json\/wp\/v2\/media?parent=4738"}],"wp:term":[{"taxonomy":"category","embeddable":true,"href":"https:\/\/www.abchukuk.com\/index.php\/wp-json\/wp\/v2\/categories?post=4738"},{"taxonomy":"post_tag","embeddable":true,"href":"https:\/\/www.abchukuk.com\/index.php\/wp-json\/wp\/v2\/tags?post=4738"}],"curies":[{"name":"wp","href":"https:\/\/api.w.org\/{rel}","templated":true}]}}