{"id":4734,"date":"2025-09-12T22:07:00","date_gmt":"2025-09-12T22:07:00","guid":{"rendered":"https:\/\/www.abchukuk.com\/index.php\/2025\/09\/12\/atama-ve-gorevden-alma-kararlari-resmi-gazetede\/"},"modified":"2025-09-12T22:07:00","modified_gmt":"2025-09-12T22:07:00","slug":"atama-ve-gorevden-alma-kararlari-resmi-gazetede","status":"publish","type":"post","link":"https:\/\/www.abchukuk.com\/index.php\/2025\/09\/12\/atama-ve-gorevden-alma-kararlari-resmi-gazetede\/","title":{"rendered":"Atama ve g\u00f6revden alma kararlar\u0131 Resmi Gazete&#8217;de"},"content":{"rendered":"<p>Baz\u0131 bakanl\u0131k ve kamu kurumlar\u0131na ili\u015fkin atama ve g\u00f6revden alma kararlar\u0131, Cumhurba\u015fkan\u0131 Recep Tayyip Erdo\u011fan&#8217;\u0131n imzas\u0131yla Resmi Gazete&#8217;de yay\u0131mland\u0131.Baz\u0131 bakanl\u0131k ve kamu kurumlar\u0131na ili\u015fkin atama ve g\u00f6revden alma kararlar\u0131, Cumhurba\u015fkan\u0131 Recep Tayyip Erdo\u011fan&#8217;\u0131n imzas\u0131yla Resmi Gazete&#8217;de yay\u0131mland\u0131.\u00a0<a href=\"https:\/\/www.dunya.com\/gundem\/atama-ve-gorevden-alma-kararlari-resmi-gazetede-haberi-793868\" target=\"_blank\" class=\"feedzy-rss-link-icon\">Read More<\/a><\/p>","protected":false},"excerpt":{"rendered":"<p>Baz\u0131 bakanl\u0131k ve kamu kurumlar\u0131na ili\u015fkin atama ve g\u00f6revden alma kararlar\u0131, Cumhurba\u015fkan\u0131 Recep Tayyip Erdo\u011fan&#8217;\u0131n imzas\u0131yla Resmi Gazete&#8217;de yay\u0131mland\u0131.Baz\u0131 bakanl\u0131k ve kamu kurumlar\u0131na ili\u015fkin atama ve g\u00f6revden alma kararlar\u0131, Cumhurba\u015fkan\u0131 Recep Tayyip Erdo\u011fan&#8217;\u0131n imzas\u0131yla Resmi Gazete&#8217;de yay\u0131mland\u0131.\u00a0Read More<\/p>\n","protected":false},"author":1,"featured_media":4735,"comment_status":"open","ping_status":"open","sticky":false,"template":"","format":"standard","meta":{"footnotes":"","_links_to":"","_links_to_target":""},"categories":[1],"tags":[],"class_list":["post-4734","post","type-post","status-publish","format-standard","has-post-thumbnail","hentry","category-haberler"],"_links":{"self":[{"href":"https:\/\/www.abchukuk.com\/index.php\/wp-json\/wp\/v2\/posts\/4734","targetHints":{"allow":["GET"]}}],"collection":[{"href":"https:\/\/www.abchukuk.com\/index.php\/wp-json\/wp\/v2\/posts"}],"about":[{"href":"https:\/\/www.abchukuk.com\/index.php\/wp-json\/wp\/v2\/types\/post"}],"author":[{"embeddable":true,"href":"https:\/\/www.abchukuk.com\/index.php\/wp-json\/wp\/v2\/users\/1"}],"replies":[{"embeddable":true,"href":"https:\/\/www.abchukuk.com\/index.php\/wp-json\/wp\/v2\/comments?post=4734"}],"version-history":[{"count":0,"href":"https:\/\/www.abchukuk.com\/index.php\/wp-json\/wp\/v2\/posts\/4734\/revisions"}],"wp:featuredmedia":[{"embeddable":true,"href":"https:\/\/www.abchukuk.com\/index.php\/wp-json\/wp\/v2\/media\/4735"}],"wp:attachment":[{"href":"https:\/\/www.abchukuk.com\/index.php\/wp-json\/wp\/v2\/media?parent=4734"}],"wp:term":[{"taxonomy":"category","embeddable":true,"href":"https:\/\/www.abchukuk.com\/index.php\/wp-json\/wp\/v2\/categories?post=4734"},{"taxonomy":"post_tag","embeddable":true,"href":"https:\/\/www.abchukuk.com\/index.php\/wp-json\/wp\/v2\/tags?post=4734"}],"curies":[{"name":"wp","href":"https:\/\/api.w.org\/{rel}","templated":true}]}}