{"id":4733,"date":"2025-09-12T18:36:23","date_gmt":"2025-09-12T18:36:23","guid":{"rendered":"https:\/\/www.abchukuk.com\/index.php\/2025\/09\/12\/sahana-ikinci-kez-tutuklama-talebi\/"},"modified":"2025-09-12T18:36:23","modified_gmt":"2025-09-12T18:36:23","slug":"sahana-ikinci-kez-tutuklama-talebi","status":"publish","type":"post","link":"https:\/\/www.abchukuk.com\/index.php\/2025\/09\/12\/sahana-ikinci-kez-tutuklama-talebi\/","title":{"rendered":"\u015eahan&#8217;a ikinci kez tutuklama talebi"},"content":{"rendered":"<p>Tutuklu bulunan ve g\u00f6revinden uzakla\u015ft\u0131r\u0131lan \u015ei\u015fli Belediye Ba\u015fkan\u0131 Resul Emrah \u015eahan, \u0130BB\u2019ye y\u00f6nelik y\u00fcr\u00fct\u00fclen \u201cyolsuzluk\u201d soru\u015fturmas\u0131 kapsam\u0131nda tutuklanmas\u0131 talebiyle \u201cicbar suretiyle irtikap\u201d ve \u201csu\u00e7 i\u015flemek amac\u0131yla kurulan \u00f6rg\u00fcte \u00fcye olma\u201d su\u00e7undan Sulh Ceza Hakimli\u011fi\u2019ne sevk edildiTutuklu bulunan ve g\u00f6revinden uzakla\u015ft\u0131r\u0131lan \u015ei\u015fli Belediye Ba\u015fkan\u0131 Resul Emrah \u015eahan, \u0130BB\u2019ye y\u00f6nelik y\u00fcr\u00fct\u00fclen \u201cyolsuzluk\u201d soru\u015fturmas\u0131 kapsam\u0131nda tutuklanmas\u0131 talebiyle \u201cicbar suretiyle irtikap\u201d ve \u201csu\u00e7 i\u015flemek amac\u0131yla kurulan \u00f6rg\u00fcte \u00fcye olma\u201d su\u00e7undan Sulh Ceza Hakimli\u011fi\u2019ne sevk edildi\u00a0<a href=\"https:\/\/www.haberturk.com\/sisli-belediye-baskani-resul-emrah-sahan-a-ikinci-kez-tutuklama-talebi-3821998\" target=\"_blank\" class=\"feedzy-rss-link-icon\">Read More<\/a><\/p>","protected":false},"excerpt":{"rendered":"<p>Tutuklu bulunan ve g\u00f6revinden uzakla\u015ft\u0131r\u0131lan \u015ei\u015fli Belediye Ba\u015fkan\u0131 Resul Emrah \u015eahan, \u0130BB\u2019ye y\u00f6nelik y\u00fcr\u00fct\u00fclen \u201cyolsuzluk\u201d soru\u015fturmas\u0131 kapsam\u0131nda tutuklanmas\u0131 talebiyle \u201cicbar suretiyle irtikap\u201d ve \u201csu\u00e7 i\u015flemek amac\u0131yla kurulan \u00f6rg\u00fcte \u00fcye olma\u201d su\u00e7undan Sulh Ceza Hakimli\u011fi\u2019ne sevk edildiTutuklu bulunan ve g\u00f6revinden uzakla\u015ft\u0131r\u0131lan \u015ei\u015fli Belediye Ba\u015fkan\u0131 Resul Emrah \u015eahan, \u0130BB\u2019ye y\u00f6nelik y\u00fcr\u00fct\u00fclen \u201cyolsuzluk\u201d soru\u015fturmas\u0131 kapsam\u0131nda tutuklanmas\u0131 talebiyle \u201cicbar [&hellip;]<\/p>\n","protected":false},"author":1,"featured_media":0,"comment_status":"open","ping_status":"open","sticky":false,"template":"","format":"standard","meta":{"footnotes":"","_links_to":"","_links_to_target":""},"categories":[1],"tags":[],"class_list":["post-4733","post","type-post","status-publish","format-standard","hentry","category-haberler"],"_links":{"self":[{"href":"https:\/\/www.abchukuk.com\/index.php\/wp-json\/wp\/v2\/posts\/4733","targetHints":{"allow":["GET"]}}],"collection":[{"href":"https:\/\/www.abchukuk.com\/index.php\/wp-json\/wp\/v2\/posts"}],"about":[{"href":"https:\/\/www.abchukuk.com\/index.php\/wp-json\/wp\/v2\/types\/post"}],"author":[{"embeddable":true,"href":"https:\/\/www.abchukuk.com\/index.php\/wp-json\/wp\/v2\/users\/1"}],"replies":[{"embeddable":true,"href":"https:\/\/www.abchukuk.com\/index.php\/wp-json\/wp\/v2\/comments?post=4733"}],"version-history":[{"count":0,"href":"https:\/\/www.abchukuk.com\/index.php\/wp-json\/wp\/v2\/posts\/4733\/revisions"}],"wp:attachment":[{"href":"https:\/\/www.abchukuk.com\/index.php\/wp-json\/wp\/v2\/media?parent=4733"}],"wp:term":[{"taxonomy":"category","embeddable":true,"href":"https:\/\/www.abchukuk.com\/index.php\/wp-json\/wp\/v2\/categories?post=4733"},{"taxonomy":"post_tag","embeddable":true,"href":"https:\/\/www.abchukuk.com\/index.php\/wp-json\/wp\/v2\/tags?post=4733"}],"curies":[{"name":"wp","href":"https:\/\/api.w.org\/{rel}","templated":true}]}}