{"id":4725,"date":"2025-09-12T21:30:00","date_gmt":"2025-09-12T21:30:00","guid":{"rendered":"https:\/\/www.abchukuk.com\/index.php\/2025\/09\/12\/vanda-2-kardesin-oldurulmesine-iliskin-tutuklu-sayisi-10a-yukseldi\/"},"modified":"2025-09-12T21:30:00","modified_gmt":"2025-09-12T21:30:00","slug":"vanda-2-kardesin-oldurulmesine-iliskin-tutuklu-sayisi-10a-yukseldi","status":"publish","type":"post","link":"https:\/\/www.abchukuk.com\/index.php\/2025\/09\/12\/vanda-2-kardesin-oldurulmesine-iliskin-tutuklu-sayisi-10a-yukseldi\/","title":{"rendered":"Van&#8217;da 2 karde\u015fin \u00f6ld\u00fcr\u00fclmesine ili\u015fkin tutuklu say\u0131s\u0131 10&#8217;a y\u00fckseldi"},"content":{"rendered":"<p>Van&#8217;\u0131n Erci\u015f il\u00e7esinde hafif ticari ara\u00e7ta otururken silahl\u0131 sald\u0131r\u0131da \u00f6ld\u00fcr\u00fclen Musa ve karde\u015fi Mehmet Demir cinayetine ili\u015fkin 3 ki\u015fi daha tutukland\u0131. Olayda tutuklananlar\u0131n say\u0131s\u0131 10&#8217;a y\u00fckseldi.Van&#8217;\u0131n Erci\u015f il\u00e7esinde hafif ticari ara\u00e7ta otururken silahl\u0131 sald\u0131r\u0131da \u00f6ld\u00fcr\u00fclen Musa ve karde\u015fi Mehmet Demir cinayetine ili\u015fkin 3 ki\u015fi daha tutukland\u0131. Olayda tutuklananlar\u0131n say\u0131s\u0131 10&#8217;a y\u00fckseldi.\u00a0<a href=\"https:\/\/www.cumhuriyet.com.tr\/turkiye\/van-da-2-kardesin-oldurulmesine-iliskin-tutuklu-sayisi-10-a-yukseldi-2434692\" target=\"_blank\" class=\"feedzy-rss-link-icon\">Read More<\/a><\/p>","protected":false},"excerpt":{"rendered":"<p>Van&#8217;\u0131n Erci\u015f il\u00e7esinde hafif ticari ara\u00e7ta otururken silahl\u0131 sald\u0131r\u0131da \u00f6ld\u00fcr\u00fclen Musa ve karde\u015fi Mehmet Demir cinayetine ili\u015fkin 3 ki\u015fi daha tutukland\u0131. Olayda tutuklananlar\u0131n say\u0131s\u0131 10&#8217;a y\u00fckseldi.Van&#8217;\u0131n Erci\u015f il\u00e7esinde hafif ticari ara\u00e7ta otururken silahl\u0131 sald\u0131r\u0131da \u00f6ld\u00fcr\u00fclen Musa ve karde\u015fi Mehmet Demir cinayetine ili\u015fkin 3 ki\u015fi daha tutukland\u0131. Olayda tutuklananlar\u0131n say\u0131s\u0131 10&#8217;a y\u00fckseldi.\u00a0Read More<\/p>\n","protected":false},"author":1,"featured_media":4726,"comment_status":"open","ping_status":"open","sticky":false,"template":"","format":"standard","meta":{"footnotes":"","_links_to":"","_links_to_target":""},"categories":[1],"tags":[],"class_list":["post-4725","post","type-post","status-publish","format-standard","has-post-thumbnail","hentry","category-haberler"],"_links":{"self":[{"href":"https:\/\/www.abchukuk.com\/index.php\/wp-json\/wp\/v2\/posts\/4725","targetHints":{"allow":["GET"]}}],"collection":[{"href":"https:\/\/www.abchukuk.com\/index.php\/wp-json\/wp\/v2\/posts"}],"about":[{"href":"https:\/\/www.abchukuk.com\/index.php\/wp-json\/wp\/v2\/types\/post"}],"author":[{"embeddable":true,"href":"https:\/\/www.abchukuk.com\/index.php\/wp-json\/wp\/v2\/users\/1"}],"replies":[{"embeddable":true,"href":"https:\/\/www.abchukuk.com\/index.php\/wp-json\/wp\/v2\/comments?post=4725"}],"version-history":[{"count":0,"href":"https:\/\/www.abchukuk.com\/index.php\/wp-json\/wp\/v2\/posts\/4725\/revisions"}],"wp:featuredmedia":[{"embeddable":true,"href":"https:\/\/www.abchukuk.com\/index.php\/wp-json\/wp\/v2\/media\/4726"}],"wp:attachment":[{"href":"https:\/\/www.abchukuk.com\/index.php\/wp-json\/wp\/v2\/media?parent=4725"}],"wp:term":[{"taxonomy":"category","embeddable":true,"href":"https:\/\/www.abchukuk.com\/index.php\/wp-json\/wp\/v2\/categories?post=4725"},{"taxonomy":"post_tag","embeddable":true,"href":"https:\/\/www.abchukuk.com\/index.php\/wp-json\/wp\/v2\/tags?post=4725"}],"curies":[{"name":"wp","href":"https:\/\/api.w.org\/{rel}","templated":true}]}}