{"id":4723,"date":"2025-09-12T08:31:02","date_gmt":"2025-09-12T08:31:02","guid":{"rendered":"https:\/\/www.abchukuk.com\/index.php\/2025\/09\/12\/bahar-aksu-cinayetinde-karar-cikti-tum-saniklara-agir-muebbet\/"},"modified":"2025-09-12T08:31:02","modified_gmt":"2025-09-12T08:31:02","slug":"bahar-aksu-cinayetinde-karar-cikti-tum-saniklara-agir-muebbet","status":"publish","type":"post","link":"https:\/\/www.abchukuk.com\/index.php\/2025\/09\/12\/bahar-aksu-cinayetinde-karar-cikti-tum-saniklara-agir-muebbet\/","title":{"rendered":"Bahar Aksu cinayetinde karar \u00e7\u0131kt\u0131! T\u00fcm san\u0131klara a\u011f\u0131r m\u00fcebbet!"},"content":{"rendered":"<p>\u0130stanbul \u015ei\u015fli&#8217;de sokak ortas\u0131nda vah\u015fice katledilen Bahar Aksu cinayetinde karar \u00e7\u0131kt\u0131. Mahkeme, san\u0131klardan eski e\u015f R\u00fcstem Elibol ile Aziz Ba\u015fkan, Samet Salman ve Semih Yapar&#8217;a a\u011f\u0131rla\u015ft\u0131r\u0131lm\u0131\u015f m\u00fcebbet hapis cezas\u0131 verdi\u0130stanbul \u015ei\u015fli&#8217;de sokak ortas\u0131nda vah\u015fice katledilen Bahar Aksu cinayetinde karar \u00e7\u0131kt\u0131. Mahkeme, san\u0131klardan eski e\u015f R\u00fcstem Elibol ile Aziz Ba\u015fkan, Samet Salman ve Semih Yapar&#8217;a a\u011f\u0131rla\u015ft\u0131r\u0131lm\u0131\u015f m\u00fcebbet hapis cezas\u0131 verdi\u00a0<a href=\"https:\/\/www.haberturk.com\/bahar-aksu-cinayetinde-karar-cikti-tum-saniklara-agir-muebbet-3821830\" target=\"_blank\" class=\"feedzy-rss-link-icon\">Read More<\/a><\/p>","protected":false},"excerpt":{"rendered":"<p>\u0130stanbul \u015ei\u015fli&#8217;de sokak ortas\u0131nda vah\u015fice katledilen Bahar Aksu cinayetinde karar \u00e7\u0131kt\u0131. Mahkeme, san\u0131klardan eski e\u015f R\u00fcstem Elibol ile Aziz Ba\u015fkan, Samet Salman ve Semih Yapar&#8217;a a\u011f\u0131rla\u015ft\u0131r\u0131lm\u0131\u015f m\u00fcebbet hapis cezas\u0131 verdi\u0130stanbul \u015ei\u015fli&#8217;de sokak ortas\u0131nda vah\u015fice katledilen Bahar Aksu cinayetinde karar \u00e7\u0131kt\u0131. Mahkeme, san\u0131klardan eski e\u015f R\u00fcstem Elibol ile Aziz Ba\u015fkan, Samet Salman ve Semih Yapar&#8217;a a\u011f\u0131rla\u015ft\u0131r\u0131lm\u0131\u015f [&hellip;]<\/p>\n","protected":false},"author":1,"featured_media":0,"comment_status":"open","ping_status":"open","sticky":false,"template":"","format":"standard","meta":{"footnotes":"","_links_to":"","_links_to_target":""},"categories":[1],"tags":[],"class_list":["post-4723","post","type-post","status-publish","format-standard","hentry","category-haberler"],"_links":{"self":[{"href":"https:\/\/www.abchukuk.com\/index.php\/wp-json\/wp\/v2\/posts\/4723","targetHints":{"allow":["GET"]}}],"collection":[{"href":"https:\/\/www.abchukuk.com\/index.php\/wp-json\/wp\/v2\/posts"}],"about":[{"href":"https:\/\/www.abchukuk.com\/index.php\/wp-json\/wp\/v2\/types\/post"}],"author":[{"embeddable":true,"href":"https:\/\/www.abchukuk.com\/index.php\/wp-json\/wp\/v2\/users\/1"}],"replies":[{"embeddable":true,"href":"https:\/\/www.abchukuk.com\/index.php\/wp-json\/wp\/v2\/comments?post=4723"}],"version-history":[{"count":0,"href":"https:\/\/www.abchukuk.com\/index.php\/wp-json\/wp\/v2\/posts\/4723\/revisions"}],"wp:attachment":[{"href":"https:\/\/www.abchukuk.com\/index.php\/wp-json\/wp\/v2\/media?parent=4723"}],"wp:term":[{"taxonomy":"category","embeddable":true,"href":"https:\/\/www.abchukuk.com\/index.php\/wp-json\/wp\/v2\/categories?post=4723"},{"taxonomy":"post_tag","embeddable":true,"href":"https:\/\/www.abchukuk.com\/index.php\/wp-json\/wp\/v2\/tags?post=4723"}],"curies":[{"name":"wp","href":"https:\/\/api.w.org\/{rel}","templated":true}]}}