{"id":4718,"date":"2025-09-12T18:21:00","date_gmt":"2025-09-12T18:21:00","guid":{"rendered":"https:\/\/www.abchukuk.com\/index.php\/2025\/09\/12\/sisli-belediye-baskani-resul-emrah-sahan-hakkinda-tutuklama-talebi\/"},"modified":"2025-09-12T18:21:00","modified_gmt":"2025-09-12T18:21:00","slug":"sisli-belediye-baskani-resul-emrah-sahan-hakkinda-tutuklama-talebi","status":"publish","type":"post","link":"https:\/\/www.abchukuk.com\/index.php\/2025\/09\/12\/sisli-belediye-baskani-resul-emrah-sahan-hakkinda-tutuklama-talebi\/","title":{"rendered":"\u015ei\u015fli Belediye Ba\u015fkan\u0131 Resul Emrah \u015eahan hakk\u0131nda tutuklama talebi"},"content":{"rendered":"<p>\u00a0\u0130stanbul B\u00fcy\u00fck\u015fehir Belediyesine (\u0130BB) y\u00f6nelik yolsuzluk soru\u015fturmas\u0131 kapsam\u0131nda, ba\u015fka su\u00e7tan cezaevinde bulunan\u00a0Resul\u00a0Emrah\u00a0\u015eahan, &#8220;\u00e7\u0131kar ama\u00e7l\u0131 su\u00e7 \u00f6rg\u00fct\u00fcne \u00fcye olmak&#8221; ve &#8220;irtikap&#8221; su\u00e7lar\u0131ndan tutuklama talebiyle sulh ceza hakimli\u011fine sevk edildi.\u00a0\u0130stanbul B\u00fcy\u00fck\u015fehir Belediyesine (\u0130BB) y\u00f6nelik yolsuzluk soru\u015fturmas\u0131 kapsam\u0131nda, ba\u015fka su\u00e7tan cezaevinde bulunan\u00a0Resul\u00a0Emrah\u00a0\u015eahan, &#8220;\u00e7\u0131kar ama\u00e7l\u0131 su\u00e7 \u00f6rg\u00fct\u00fcne \u00fcye olmak&#8221; ve &#8220;irtikap&#8221; su\u00e7lar\u0131ndan tutuklama talebiyle sulh ceza hakimli\u011fine sevk edildi.\u00a0<a href=\"https:\/\/www.dunya.com\/gundem\/sisli-belediye-baskani-resul-emrah-sahan-hakkinda-tutuklama-talebi-haberi-793861\" target=\"_blank\" class=\"feedzy-rss-link-icon\">Read More<\/a><\/p>","protected":false},"excerpt":{"rendered":"<p>\u00a0\u0130stanbul B\u00fcy\u00fck\u015fehir Belediyesine (\u0130BB) y\u00f6nelik yolsuzluk soru\u015fturmas\u0131 kapsam\u0131nda, ba\u015fka su\u00e7tan cezaevinde bulunan\u00a0Resul\u00a0Emrah\u00a0\u015eahan, &#8220;\u00e7\u0131kar ama\u00e7l\u0131 su\u00e7 \u00f6rg\u00fct\u00fcne \u00fcye olmak&#8221; ve &#8220;irtikap&#8221; su\u00e7lar\u0131ndan tutuklama talebiyle sulh ceza hakimli\u011fine sevk edildi.\u00a0\u0130stanbul B\u00fcy\u00fck\u015fehir Belediyesine (\u0130BB) y\u00f6nelik yolsuzluk soru\u015fturmas\u0131 kapsam\u0131nda, ba\u015fka su\u00e7tan cezaevinde bulunan\u00a0Resul\u00a0Emrah\u00a0\u015eahan, &#8220;\u00e7\u0131kar ama\u00e7l\u0131 su\u00e7 \u00f6rg\u00fct\u00fcne \u00fcye olmak&#8221; ve &#8220;irtikap&#8221; su\u00e7lar\u0131ndan tutuklama talebiyle sulh ceza hakimli\u011fine sevk edildi.\u00a0Read [&hellip;]<\/p>\n","protected":false},"author":1,"featured_media":4719,"comment_status":"open","ping_status":"open","sticky":false,"template":"","format":"standard","meta":{"footnotes":"","_links_to":"","_links_to_target":""},"categories":[1],"tags":[],"class_list":["post-4718","post","type-post","status-publish","format-standard","has-post-thumbnail","hentry","category-haberler"],"_links":{"self":[{"href":"https:\/\/www.abchukuk.com\/index.php\/wp-json\/wp\/v2\/posts\/4718","targetHints":{"allow":["GET"]}}],"collection":[{"href":"https:\/\/www.abchukuk.com\/index.php\/wp-json\/wp\/v2\/posts"}],"about":[{"href":"https:\/\/www.abchukuk.com\/index.php\/wp-json\/wp\/v2\/types\/post"}],"author":[{"embeddable":true,"href":"https:\/\/www.abchukuk.com\/index.php\/wp-json\/wp\/v2\/users\/1"}],"replies":[{"embeddable":true,"href":"https:\/\/www.abchukuk.com\/index.php\/wp-json\/wp\/v2\/comments?post=4718"}],"version-history":[{"count":0,"href":"https:\/\/www.abchukuk.com\/index.php\/wp-json\/wp\/v2\/posts\/4718\/revisions"}],"wp:featuredmedia":[{"embeddable":true,"href":"https:\/\/www.abchukuk.com\/index.php\/wp-json\/wp\/v2\/media\/4719"}],"wp:attachment":[{"href":"https:\/\/www.abchukuk.com\/index.php\/wp-json\/wp\/v2\/media?parent=4718"}],"wp:term":[{"taxonomy":"category","embeddable":true,"href":"https:\/\/www.abchukuk.com\/index.php\/wp-json\/wp\/v2\/categories?post=4718"},{"taxonomy":"post_tag","embeddable":true,"href":"https:\/\/www.abchukuk.com\/index.php\/wp-json\/wp\/v2\/tags?post=4718"}],"curies":[{"name":"wp","href":"https:\/\/api.w.org\/{rel}","templated":true}]}}