{"id":4716,"date":"2025-09-12T18:40:00","date_gmt":"2025-09-12T18:40:00","guid":{"rendered":"https:\/\/www.abchukuk.com\/index.php\/2025\/09\/12\/son-dakika-resul-emrah-sahan-tutuklama-karariyla-sulh-ceza-hakimligine-sevk-edildi\/"},"modified":"2025-09-12T18:40:00","modified_gmt":"2025-09-12T18:40:00","slug":"son-dakika-resul-emrah-sahan-tutuklama-karariyla-sulh-ceza-hakimligine-sevk-edildi","status":"publish","type":"post","link":"https:\/\/www.abchukuk.com\/index.php\/2025\/09\/12\/son-dakika-resul-emrah-sahan-tutuklama-karariyla-sulh-ceza-hakimligine-sevk-edildi\/","title":{"rendered":"Son Dakika&#8230; Resul Emrah \u015eahan tutuklama karar\u0131yla sulh ceza hakimli\u011fine sevk edildi!"},"content":{"rendered":"<p>&#8216;Kent uzla\u015f\u0131s\u0131&#8217; soru\u015fturmas\u0131 kapsam\u0131nda tutuklanan \u015ei\u015fli Belediye Ba\u015fkan\u0131 Resul Emrah \u015eahan i\u00e7in \u0130BB soru\u015fturmas\u0131 kapsam\u0131nda tutuklama talep edildi.&#8217;Kent uzla\u015f\u0131s\u0131&#8217; soru\u015fturmas\u0131 kapsam\u0131nda tutuklanan \u015ei\u015fli Belediye Ba\u015fkan\u0131 Resul Emrah \u015eahan i\u00e7in \u0130BB soru\u015fturmas\u0131 kapsam\u0131nda tutuklama talep edildi.\u00a0<a href=\"https:\/\/www.cumhuriyet.com.tr\/turkiye\/son-dakika-resul-emrah-sahan-tutuklama-karariyla-sulh-ceza-hakimligine-sevk-edildi-2434648\" target=\"_blank\" class=\"feedzy-rss-link-icon\">Read More<\/a><\/p>","protected":false},"excerpt":{"rendered":"<p>&#8216;Kent uzla\u015f\u0131s\u0131&#8217; soru\u015fturmas\u0131 kapsam\u0131nda tutuklanan \u015ei\u015fli Belediye Ba\u015fkan\u0131 Resul Emrah \u015eahan i\u00e7in \u0130BB soru\u015fturmas\u0131 kapsam\u0131nda tutuklama talep edildi.&#8217;Kent uzla\u015f\u0131s\u0131&#8217; soru\u015fturmas\u0131 kapsam\u0131nda tutuklanan \u015ei\u015fli Belediye Ba\u015fkan\u0131 Resul Emrah \u015eahan i\u00e7in \u0130BB soru\u015fturmas\u0131 kapsam\u0131nda tutuklama talep edildi.\u00a0Read More<\/p>\n","protected":false},"author":1,"featured_media":4717,"comment_status":"open","ping_status":"open","sticky":false,"template":"","format":"standard","meta":{"footnotes":"","_links_to":"","_links_to_target":""},"categories":[1],"tags":[],"class_list":["post-4716","post","type-post","status-publish","format-standard","has-post-thumbnail","hentry","category-haberler"],"_links":{"self":[{"href":"https:\/\/www.abchukuk.com\/index.php\/wp-json\/wp\/v2\/posts\/4716","targetHints":{"allow":["GET"]}}],"collection":[{"href":"https:\/\/www.abchukuk.com\/index.php\/wp-json\/wp\/v2\/posts"}],"about":[{"href":"https:\/\/www.abchukuk.com\/index.php\/wp-json\/wp\/v2\/types\/post"}],"author":[{"embeddable":true,"href":"https:\/\/www.abchukuk.com\/index.php\/wp-json\/wp\/v2\/users\/1"}],"replies":[{"embeddable":true,"href":"https:\/\/www.abchukuk.com\/index.php\/wp-json\/wp\/v2\/comments?post=4716"}],"version-history":[{"count":0,"href":"https:\/\/www.abchukuk.com\/index.php\/wp-json\/wp\/v2\/posts\/4716\/revisions"}],"wp:featuredmedia":[{"embeddable":true,"href":"https:\/\/www.abchukuk.com\/index.php\/wp-json\/wp\/v2\/media\/4717"}],"wp:attachment":[{"href":"https:\/\/www.abchukuk.com\/index.php\/wp-json\/wp\/v2\/media?parent=4716"}],"wp:term":[{"taxonomy":"category","embeddable":true,"href":"https:\/\/www.abchukuk.com\/index.php\/wp-json\/wp\/v2\/categories?post=4716"},{"taxonomy":"post_tag","embeddable":true,"href":"https:\/\/www.abchukuk.com\/index.php\/wp-json\/wp\/v2\/tags?post=4716"}],"curies":[{"name":"wp","href":"https:\/\/api.w.org\/{rel}","templated":true}]}}