{"id":4712,"date":"2025-09-12T17:27:00","date_gmt":"2025-09-12T17:27:00","guid":{"rendered":"https:\/\/www.abchukuk.com\/index.php\/2025\/09\/12\/imamoglu-durusma-arasinda-sorulari-yanitladi-emrah-sahan-ve-tutuklu-gencler-tepkisi\/"},"modified":"2025-09-12T17:27:00","modified_gmt":"2025-09-12T17:27:00","slug":"imamoglu-durusma-arasinda-sorulari-yanitladi-emrah-sahan-ve-tutuklu-gencler-tepkisi","status":"publish","type":"post","link":"https:\/\/www.abchukuk.com\/index.php\/2025\/09\/12\/imamoglu-durusma-arasinda-sorulari-yanitladi-emrah-sahan-ve-tutuklu-gencler-tepkisi\/","title":{"rendered":"\u0130mamo\u011flu, duru\u015fma aras\u0131nda sorular\u0131 yan\u0131tlad\u0131: Emrah \u015eahan ve tutuklu gen\u00e7ler tepkisi"},"content":{"rendered":"<p>Ekrem \u0130mamo\u011flu, Silivri\u2019deki duru\u015fma aras\u0131nda bas\u0131na yapt\u0131\u011f\u0131 a\u00e7\u0131klamada, sorular\u0131 yan\u0131tlad\u0131. \u015ei\u015fli Belediye Ba\u015fkan\u0131 Resul Emrah \u015eahan&#8217;a y\u00f6nelik s\u00fcrece tepki g\u00f6sterdi.Ekrem \u0130mamo\u011flu, Silivri\u2019deki duru\u015fma aras\u0131nda bas\u0131na yapt\u0131\u011f\u0131 a\u00e7\u0131klamada, sorular\u0131 yan\u0131tlad\u0131. \u015ei\u015fli Belediye Ba\u015fkan\u0131 Resul Emrah \u015eahan&#8217;a y\u00f6nelik s\u00fcrece tepki g\u00f6sterdi.\u00a0<a href=\"https:\/\/www.cumhuriyet.com.tr\/turkiye\/imamoglu-durusma-arasinda-sorulari-yanitladi-emrah-sahan-ve-tutuklu-gencler-tepkisi-2434634\" target=\"_blank\" class=\"feedzy-rss-link-icon\">Read More<\/a><\/p>","protected":false},"excerpt":{"rendered":"<p>Ekrem \u0130mamo\u011flu, Silivri\u2019deki duru\u015fma aras\u0131nda bas\u0131na yapt\u0131\u011f\u0131 a\u00e7\u0131klamada, sorular\u0131 yan\u0131tlad\u0131. \u015ei\u015fli Belediye Ba\u015fkan\u0131 Resul Emrah \u015eahan&#8217;a y\u00f6nelik s\u00fcrece tepki g\u00f6sterdi.Ekrem \u0130mamo\u011flu, Silivri\u2019deki duru\u015fma aras\u0131nda bas\u0131na yapt\u0131\u011f\u0131 a\u00e7\u0131klamada, sorular\u0131 yan\u0131tlad\u0131. \u015ei\u015fli Belediye Ba\u015fkan\u0131 Resul Emrah \u015eahan&#8217;a y\u00f6nelik s\u00fcrece tepki g\u00f6sterdi.\u00a0Read More<\/p>\n","protected":false},"author":1,"featured_media":4713,"comment_status":"open","ping_status":"open","sticky":false,"template":"","format":"standard","meta":{"footnotes":"","_links_to":"","_links_to_target":""},"categories":[1],"tags":[],"class_list":["post-4712","post","type-post","status-publish","format-standard","has-post-thumbnail","hentry","category-haberler"],"_links":{"self":[{"href":"https:\/\/www.abchukuk.com\/index.php\/wp-json\/wp\/v2\/posts\/4712","targetHints":{"allow":["GET"]}}],"collection":[{"href":"https:\/\/www.abchukuk.com\/index.php\/wp-json\/wp\/v2\/posts"}],"about":[{"href":"https:\/\/www.abchukuk.com\/index.php\/wp-json\/wp\/v2\/types\/post"}],"author":[{"embeddable":true,"href":"https:\/\/www.abchukuk.com\/index.php\/wp-json\/wp\/v2\/users\/1"}],"replies":[{"embeddable":true,"href":"https:\/\/www.abchukuk.com\/index.php\/wp-json\/wp\/v2\/comments?post=4712"}],"version-history":[{"count":0,"href":"https:\/\/www.abchukuk.com\/index.php\/wp-json\/wp\/v2\/posts\/4712\/revisions"}],"wp:featuredmedia":[{"embeddable":true,"href":"https:\/\/www.abchukuk.com\/index.php\/wp-json\/wp\/v2\/media\/4713"}],"wp:attachment":[{"href":"https:\/\/www.abchukuk.com\/index.php\/wp-json\/wp\/v2\/media?parent=4712"}],"wp:term":[{"taxonomy":"category","embeddable":true,"href":"https:\/\/www.abchukuk.com\/index.php\/wp-json\/wp\/v2\/categories?post=4712"},{"taxonomy":"post_tag","embeddable":true,"href":"https:\/\/www.abchukuk.com\/index.php\/wp-json\/wp\/v2\/tags?post=4712"}],"curies":[{"name":"wp","href":"https:\/\/api.w.org\/{rel}","templated":true}]}}