{"id":4691,"date":"2025-09-12T14:12:37","date_gmt":"2025-09-12T14:12:37","guid":{"rendered":"https:\/\/www.abchukuk.com\/index.php\/2025\/09\/12\/ulke-tarihinin-en-buyuk-hortumu-japonyayi-vurdu-ruzgar-saatte-270-km-esti-binlerce-kisi-tahliye-edildi\/"},"modified":"2025-09-12T14:12:37","modified_gmt":"2025-09-12T14:12:37","slug":"ulke-tarihinin-en-buyuk-hortumu-japonyayi-vurdu-ruzgar-saatte-270-km-esti-binlerce-kisi-tahliye-edildi","status":"publish","type":"post","link":"https:\/\/www.abchukuk.com\/index.php\/2025\/09\/12\/ulke-tarihinin-en-buyuk-hortumu-japonyayi-vurdu-ruzgar-saatte-270-km-esti-binlerce-kisi-tahliye-edildi\/","title":{"rendered":"\u00dclke tarihinin en b\u00fcy\u00fck hortumu Japonya\u2019y\u0131 vurdu: R\u00fczgar saatte 270 km esti, binlerce ki\u015fi tahliye edildi"},"content":{"rendered":"<p>Japonya&#8217;da \u00fclke tarihinin en b\u00fcy\u00fck hortumu g\u00f6r\u00fcld\u00fc. \u015eiddetli hortum Shizuoka b\u00f6lgesini vurdu. Ara\u00e7lar devrildi, y\u00fczlerce ev y\u0131k\u0131ld\u0131, onlarca ki\u015fi yaraland\u0131. Yetkililer felaketi &#8216;tarihi&#8217; olarak nitelendirdi.Japonya&#8217;da \u00fclke tarihinin en b\u00fcy\u00fck hortumu g\u00f6r\u00fcld\u00fc. \u015eiddetli hortum Shizuoka b\u00f6lgesini vurdu. Ara\u00e7lar devrildi, y\u00fczlerce ev y\u0131k\u0131ld\u0131, onlarca ki\u015fi yaraland\u0131. Yetkililer felaketi &#8216;tarihi&#8217; olarak nitelendirdi.\u00a0<a href=\"https:\/\/anlatilaninotesi.com.tr\/20250912\/ulke-tarihinin-en-buyuk-hortumu-japonyayi-vurdu-ruzgar-saatte-270-km-esti-binlerce-kisi-tahliye-1099325474.html\" target=\"_blank\" class=\"feedzy-rss-link-icon\">Read More<\/a><\/p>","protected":false},"excerpt":{"rendered":"<p>Japonya&#8217;da \u00fclke tarihinin en b\u00fcy\u00fck hortumu g\u00f6r\u00fcld\u00fc. \u015eiddetli hortum Shizuoka b\u00f6lgesini vurdu. Ara\u00e7lar devrildi, y\u00fczlerce ev y\u0131k\u0131ld\u0131, onlarca ki\u015fi yaraland\u0131. Yetkililer felaketi &#8216;tarihi&#8217; olarak nitelendirdi.Japonya&#8217;da \u00fclke tarihinin en b\u00fcy\u00fck hortumu g\u00f6r\u00fcld\u00fc. \u015eiddetli hortum Shizuoka b\u00f6lgesini vurdu. Ara\u00e7lar devrildi, y\u00fczlerce ev y\u0131k\u0131ld\u0131, onlarca ki\u015fi yaraland\u0131. Yetkililer felaketi &#8216;tarihi&#8217; olarak nitelendirdi.\u00a0Read More<\/p>\n","protected":false},"author":1,"featured_media":0,"comment_status":"open","ping_status":"open","sticky":false,"template":"","format":"standard","meta":{"footnotes":"","_links_to":"","_links_to_target":""},"categories":[1],"tags":[],"class_list":["post-4691","post","type-post","status-publish","format-standard","hentry","category-haberler"],"_links":{"self":[{"href":"https:\/\/www.abchukuk.com\/index.php\/wp-json\/wp\/v2\/posts\/4691","targetHints":{"allow":["GET"]}}],"collection":[{"href":"https:\/\/www.abchukuk.com\/index.php\/wp-json\/wp\/v2\/posts"}],"about":[{"href":"https:\/\/www.abchukuk.com\/index.php\/wp-json\/wp\/v2\/types\/post"}],"author":[{"embeddable":true,"href":"https:\/\/www.abchukuk.com\/index.php\/wp-json\/wp\/v2\/users\/1"}],"replies":[{"embeddable":true,"href":"https:\/\/www.abchukuk.com\/index.php\/wp-json\/wp\/v2\/comments?post=4691"}],"version-history":[{"count":0,"href":"https:\/\/www.abchukuk.com\/index.php\/wp-json\/wp\/v2\/posts\/4691\/revisions"}],"wp:attachment":[{"href":"https:\/\/www.abchukuk.com\/index.php\/wp-json\/wp\/v2\/media?parent=4691"}],"wp:term":[{"taxonomy":"category","embeddable":true,"href":"https:\/\/www.abchukuk.com\/index.php\/wp-json\/wp\/v2\/categories?post=4691"},{"taxonomy":"post_tag","embeddable":true,"href":"https:\/\/www.abchukuk.com\/index.php\/wp-json\/wp\/v2\/tags?post=4691"}],"curies":[{"name":"wp","href":"https:\/\/api.w.org\/{rel}","templated":true}]}}