{"id":4689,"date":"2025-09-12T14:33:00","date_gmt":"2025-09-12T14:33:00","guid":{"rendered":"https:\/\/www.abchukuk.com\/index.php\/2025\/09\/12\/dem-partiden-anayasa-cagrisi\/"},"modified":"2025-09-12T14:33:00","modified_gmt":"2025-09-12T14:33:00","slug":"dem-partiden-anayasa-cagrisi","status":"publish","type":"post","link":"https:\/\/www.abchukuk.com\/index.php\/2025\/09\/12\/dem-partiden-anayasa-cagrisi\/","title":{"rendered":"DEM Parti&#8217;den &#8216;anayasa&#8217; \u00e7a\u011fr\u0131s\u0131"},"content":{"rendered":"<p>DEM Parti, 12 Eyl\u00fcl darbesinin 45\u2019inci y\u0131l\u0131 dolay\u0131s\u0131yla yapt\u0131\u011f\u0131 a\u00e7\u0131klamada, darbeyi ger\u00e7ekle\u015ftirenleri ve destekleyenleri lanetledi. Partiden yap\u0131lan a\u00e7\u0131klamada, \u201c45 y\u0131l sonra darbe y\u00f6netiminin haz\u0131rlad\u0131\u011f\u0131 anayasadan kurtulma ihtiyac\u0131na vurgu yap\u0131yoruz\u201d ifadeleri kullan\u0131ld\u0131.DEM Parti, 12 Eyl\u00fcl darbesinin 45\u2019inci y\u0131l\u0131 dolay\u0131s\u0131yla yapt\u0131\u011f\u0131 a\u00e7\u0131klamada, darbeyi ger\u00e7ekle\u015ftirenleri ve destekleyenleri lanetledi. Partiden yap\u0131lan a\u00e7\u0131klamada, \u201c45 y\u0131l sonra darbe y\u00f6netiminin haz\u0131rlad\u0131\u011f\u0131 anayasadan kurtulma ihtiyac\u0131na vurgu yap\u0131yoruz\u201d ifadeleri kullan\u0131ld\u0131.\u00a0<a href=\"https:\/\/www.cumhuriyet.com.tr\/siyaset\/dem-parti-den-anayasa-cagrisi-2434606\" target=\"_blank\" class=\"feedzy-rss-link-icon\">Read More<\/a><\/p>","protected":false},"excerpt":{"rendered":"<p>DEM Parti, 12 Eyl\u00fcl darbesinin 45\u2019inci y\u0131l\u0131 dolay\u0131s\u0131yla yapt\u0131\u011f\u0131 a\u00e7\u0131klamada, darbeyi ger\u00e7ekle\u015ftirenleri ve destekleyenleri lanetledi. Partiden yap\u0131lan a\u00e7\u0131klamada, \u201c45 y\u0131l sonra darbe y\u00f6netiminin haz\u0131rlad\u0131\u011f\u0131 anayasadan kurtulma ihtiyac\u0131na vurgu yap\u0131yoruz\u201d ifadeleri kullan\u0131ld\u0131.DEM Parti, 12 Eyl\u00fcl darbesinin 45\u2019inci y\u0131l\u0131 dolay\u0131s\u0131yla yapt\u0131\u011f\u0131 a\u00e7\u0131klamada, darbeyi ger\u00e7ekle\u015ftirenleri ve destekleyenleri lanetledi. Partiden yap\u0131lan a\u00e7\u0131klamada, \u201c45 y\u0131l sonra darbe y\u00f6netiminin haz\u0131rlad\u0131\u011f\u0131 anayasadan [&hellip;]<\/p>\n","protected":false},"author":1,"featured_media":4690,"comment_status":"open","ping_status":"open","sticky":false,"template":"","format":"standard","meta":{"footnotes":"","_links_to":"","_links_to_target":""},"categories":[1],"tags":[],"class_list":["post-4689","post","type-post","status-publish","format-standard","has-post-thumbnail","hentry","category-haberler"],"_links":{"self":[{"href":"https:\/\/www.abchukuk.com\/index.php\/wp-json\/wp\/v2\/posts\/4689","targetHints":{"allow":["GET"]}}],"collection":[{"href":"https:\/\/www.abchukuk.com\/index.php\/wp-json\/wp\/v2\/posts"}],"about":[{"href":"https:\/\/www.abchukuk.com\/index.php\/wp-json\/wp\/v2\/types\/post"}],"author":[{"embeddable":true,"href":"https:\/\/www.abchukuk.com\/index.php\/wp-json\/wp\/v2\/users\/1"}],"replies":[{"embeddable":true,"href":"https:\/\/www.abchukuk.com\/index.php\/wp-json\/wp\/v2\/comments?post=4689"}],"version-history":[{"count":0,"href":"https:\/\/www.abchukuk.com\/index.php\/wp-json\/wp\/v2\/posts\/4689\/revisions"}],"wp:featuredmedia":[{"embeddable":true,"href":"https:\/\/www.abchukuk.com\/index.php\/wp-json\/wp\/v2\/media\/4690"}],"wp:attachment":[{"href":"https:\/\/www.abchukuk.com\/index.php\/wp-json\/wp\/v2\/media?parent=4689"}],"wp:term":[{"taxonomy":"category","embeddable":true,"href":"https:\/\/www.abchukuk.com\/index.php\/wp-json\/wp\/v2\/categories?post=4689"},{"taxonomy":"post_tag","embeddable":true,"href":"https:\/\/www.abchukuk.com\/index.php\/wp-json\/wp\/v2\/tags?post=4689"}],"curies":[{"name":"wp","href":"https:\/\/api.w.org\/{rel}","templated":true}]}}