{"id":4686,"date":"2025-09-10T19:54:07","date_gmt":"2025-09-10T19:54:07","guid":{"rendered":"https:\/\/www.abchukuk.com\/index.php\/2025\/09\/10\/nepalde-yolsuzluk-isyani-parlamento-atese-verildi-ordu-sokaga-cikti\/"},"modified":"2025-09-10T19:54:07","modified_gmt":"2025-09-10T19:54:07","slug":"nepalde-yolsuzluk-isyani-parlamento-atese-verildi-ordu-sokaga-cikti","status":"publish","type":"post","link":"https:\/\/www.abchukuk.com\/index.php\/2025\/09\/10\/nepalde-yolsuzluk-isyani-parlamento-atese-verildi-ordu-sokaga-cikti\/","title":{"rendered":"Nepal\u2019de yolsuzluk isyan\u0131: Parlamento ate\u015fe verildi, ordu soka\u011fa \u00e7\u0131kt\u0131"},"content":{"rendered":"<p>Sal\u0131 g\u00fcn\u00fc protestolar\u0131n \u015fiddeti artm\u0131\u015f, g\u00f6stericiler parlamento d\u00e2hil olmak \u00fczere h\u00fck\u00fcmet binalar\u0131n\u0131, baz\u0131 siyaset\u00e7ilerin evlerini ate\u015fe vermi\u015f ve \u00fclkenin \u00f6nde gelen liderlerine sald\u0131rm\u0131\u015ft\u0131.Sal\u0131 g\u00fcn\u00fc protestolar\u0131n \u015fiddeti artm\u0131\u015f, g\u00f6stericiler parlamento d\u00e2hil olmak \u00fczere h\u00fck\u00fcmet binalar\u0131n\u0131, baz\u0131 siyaset\u00e7ilerin evlerini ate\u015fe vermi\u015f ve \u00fclkenin \u00f6nde gelen liderlerine sald\u0131rm\u0131\u015ft\u0131.\u00a0<a href=\"http:\/\/tr.euronews.com\/2025\/09\/10\/nepalde-yolsuzluk-isyani-parlamento-atese-verildi-ordu-sokaga-cikti\" target=\"_blank\" class=\"feedzy-rss-link-icon\">Read More<\/a><\/p>","protected":false},"excerpt":{"rendered":"<p>Sal\u0131 g\u00fcn\u00fc protestolar\u0131n \u015fiddeti artm\u0131\u015f, g\u00f6stericiler parlamento d\u00e2hil olmak \u00fczere h\u00fck\u00fcmet binalar\u0131n\u0131, baz\u0131 siyaset\u00e7ilerin evlerini ate\u015fe vermi\u015f ve \u00fclkenin \u00f6nde gelen liderlerine sald\u0131rm\u0131\u015ft\u0131.Sal\u0131 g\u00fcn\u00fc protestolar\u0131n \u015fiddeti artm\u0131\u015f, g\u00f6stericiler parlamento d\u00e2hil olmak \u00fczere h\u00fck\u00fcmet binalar\u0131n\u0131, baz\u0131 siyaset\u00e7ilerin evlerini ate\u015fe vermi\u015f ve \u00fclkenin \u00f6nde gelen liderlerine sald\u0131rm\u0131\u015ft\u0131.\u00a0Read More<\/p>\n","protected":false},"author":1,"featured_media":0,"comment_status":"open","ping_status":"open","sticky":false,"template":"","format":"standard","meta":{"footnotes":"","_links_to":"","_links_to_target":""},"categories":[1],"tags":[],"class_list":["post-4686","post","type-post","status-publish","format-standard","hentry","category-haberler"],"_links":{"self":[{"href":"https:\/\/www.abchukuk.com\/index.php\/wp-json\/wp\/v2\/posts\/4686","targetHints":{"allow":["GET"]}}],"collection":[{"href":"https:\/\/www.abchukuk.com\/index.php\/wp-json\/wp\/v2\/posts"}],"about":[{"href":"https:\/\/www.abchukuk.com\/index.php\/wp-json\/wp\/v2\/types\/post"}],"author":[{"embeddable":true,"href":"https:\/\/www.abchukuk.com\/index.php\/wp-json\/wp\/v2\/users\/1"}],"replies":[{"embeddable":true,"href":"https:\/\/www.abchukuk.com\/index.php\/wp-json\/wp\/v2\/comments?post=4686"}],"version-history":[{"count":0,"href":"https:\/\/www.abchukuk.com\/index.php\/wp-json\/wp\/v2\/posts\/4686\/revisions"}],"wp:attachment":[{"href":"https:\/\/www.abchukuk.com\/index.php\/wp-json\/wp\/v2\/media?parent=4686"}],"wp:term":[{"taxonomy":"category","embeddable":true,"href":"https:\/\/www.abchukuk.com\/index.php\/wp-json\/wp\/v2\/categories?post=4686"},{"taxonomy":"post_tag","embeddable":true,"href":"https:\/\/www.abchukuk.com\/index.php\/wp-json\/wp\/v2\/tags?post=4686"}],"curies":[{"name":"wp","href":"https:\/\/api.w.org\/{rel}","templated":true}]}}