{"id":4682,"date":"2025-09-12T13:06:22","date_gmt":"2025-09-12T13:06:22","guid":{"rendered":"https:\/\/www.abchukuk.com\/index.php\/2025\/09\/12\/cezaevindeki-imamoglunu-cezaevindeki-avukati-savundu\/"},"modified":"2025-09-12T13:06:22","modified_gmt":"2025-09-12T13:06:22","slug":"cezaevindeki-imamoglunu-cezaevindeki-avukati-savundu","status":"publish","type":"post","link":"https:\/\/www.abchukuk.com\/index.php\/2025\/09\/12\/cezaevindeki-imamoglunu-cezaevindeki-avukati-savundu\/","title":{"rendered":"Cezaevindeki \u0130mamo\u011flu&#8217;nu Cezaevindeki Avukat\u0131 Savundu"},"content":{"rendered":"<p><a href=\"https:\/\/www.gercekgundem.com\/guncel\/cezaevindeki-imamoglunu-cezaevindeki-avukati-savundu-555011\"><br \/>\n                                                            <img decoding=\"async\" src=\"https:\/\/i.gercekgundem.com\/2\/150\/84\/storage\/files\/images\/2025\/09\/12\/cezaevindeki-imamoglunu-cezaevindeki-avukati-savundu-w8vr.jpg\" width=\"150\" height=\"84\" border=\"0\" align=\"right\" \/><br \/>\n                                                    <\/a><\/p>\n<h4>Yatay ge\u00e7i\u015fle ald\u0131\u011f\u0131 diplomas\u0131 iptal edilen \u0130BB Ba\u015fkan\u0131 Ekrem \u0130mamo\u011flu\u2019nun davas\u0131nda ilk duru\u015fma yap\u0131ld\u0131. Ayn\u0131 cezaevinde tutuklu bulunan avukat\u0131 Mehmet Pehlivan SEGB\u0130S\u2019le ba\u011flanarak, \u0130mamo\u011flu\u2019nu savundu. Pehlivan \u201cTutsak edilmi\u015f bir avukat olarak buraday\u0131m\u201d dedi.<\/h4>\n<p>Yatay ge\u00e7i\u015fle ald\u0131\u011f\u0131 diplomas\u0131 iptal edilen \u0130BB Ba\u015fkan\u0131 Ekrem \u0130mamo\u011flu\u2019nun davas\u0131nda ilk duru\u015fma yap\u0131ld\u0131. Ayn\u0131 cezaevinde tutuklu bulunan avukat\u0131 Mehmet Pehlivan SEGB\u0130S\u2019le ba\u011flanarak, \u0130mamo\u011flu\u2019nu savundu. Pehlivan \u201cTutsak edilmi\u015f bir avukat olarak buraday\u0131m\u201d dedi.\u00a0<a href=\"https:\/\/www.gercekgundem.com\/guncel\/cezaevindeki-imamoglunu-cezaevindeki-avukati-savundu-555011\" target=\"_blank\" class=\"feedzy-rss-link-icon\">Read More<\/a><\/p>","protected":false},"excerpt":{"rendered":"<p>Yatay ge\u00e7i\u015fle ald\u0131\u011f\u0131 diplomas\u0131 iptal edilen \u0130BB Ba\u015fkan\u0131 Ekrem \u0130mamo\u011flu\u2019nun davas\u0131nda ilk duru\u015fma yap\u0131ld\u0131. Ayn\u0131 cezaevinde tutuklu bulunan avukat\u0131 Mehmet Pehlivan SEGB\u0130S\u2019le ba\u011flanarak, \u0130mamo\u011flu\u2019nu savundu. Pehlivan \u201cTutsak edilmi\u015f bir avukat olarak buraday\u0131m\u201d dedi. Yatay ge\u00e7i\u015fle ald\u0131\u011f\u0131 diplomas\u0131 iptal edilen \u0130BB Ba\u015fkan\u0131 Ekrem \u0130mamo\u011flu\u2019nun davas\u0131nda ilk duru\u015fma yap\u0131ld\u0131. Ayn\u0131 cezaevinde tutuklu bulunan avukat\u0131 Mehmet Pehlivan SEGB\u0130S\u2019le [&hellip;]<\/p>\n","protected":false},"author":1,"featured_media":4683,"comment_status":"open","ping_status":"open","sticky":false,"template":"","format":"standard","meta":{"footnotes":"","_links_to":"","_links_to_target":""},"categories":[1],"tags":[],"class_list":["post-4682","post","type-post","status-publish","format-standard","has-post-thumbnail","hentry","category-haberler"],"_links":{"self":[{"href":"https:\/\/www.abchukuk.com\/index.php\/wp-json\/wp\/v2\/posts\/4682","targetHints":{"allow":["GET"]}}],"collection":[{"href":"https:\/\/www.abchukuk.com\/index.php\/wp-json\/wp\/v2\/posts"}],"about":[{"href":"https:\/\/www.abchukuk.com\/index.php\/wp-json\/wp\/v2\/types\/post"}],"author":[{"embeddable":true,"href":"https:\/\/www.abchukuk.com\/index.php\/wp-json\/wp\/v2\/users\/1"}],"replies":[{"embeddable":true,"href":"https:\/\/www.abchukuk.com\/index.php\/wp-json\/wp\/v2\/comments?post=4682"}],"version-history":[{"count":0,"href":"https:\/\/www.abchukuk.com\/index.php\/wp-json\/wp\/v2\/posts\/4682\/revisions"}],"wp:featuredmedia":[{"embeddable":true,"href":"https:\/\/www.abchukuk.com\/index.php\/wp-json\/wp\/v2\/media\/4683"}],"wp:attachment":[{"href":"https:\/\/www.abchukuk.com\/index.php\/wp-json\/wp\/v2\/media?parent=4682"}],"wp:term":[{"taxonomy":"category","embeddable":true,"href":"https:\/\/www.abchukuk.com\/index.php\/wp-json\/wp\/v2\/categories?post=4682"},{"taxonomy":"post_tag","embeddable":true,"href":"https:\/\/www.abchukuk.com\/index.php\/wp-json\/wp\/v2\/tags?post=4682"}],"curies":[{"name":"wp","href":"https:\/\/api.w.org\/{rel}","templated":true}]}}