{"id":4680,"date":"2025-09-12T13:10:28","date_gmt":"2025-09-12T13:10:28","guid":{"rendered":"https:\/\/www.abchukuk.com\/index.php\/2025\/09\/12\/adalet-bakani-yilmaz-tunctan-yeni-anayasa-cikisi-degismesi-lazim\/"},"modified":"2025-09-12T13:10:28","modified_gmt":"2025-09-12T13:10:28","slug":"adalet-bakani-yilmaz-tunctan-yeni-anayasa-cikisi-degismesi-lazim","status":"publish","type":"post","link":"https:\/\/www.abchukuk.com\/index.php\/2025\/09\/12\/adalet-bakani-yilmaz-tunctan-yeni-anayasa-cikisi-degismesi-lazim\/","title":{"rendered":"Adalet Bakan\u0131 Y\u0131lmaz Tun\u00e7&#8217;tan &#8216;Yeni Anayasa&#8217; \u00c7\u0131k\u0131\u015f\u0131: &#8216;De\u011fi\u015fmesi Laz\u0131m&#8217;"},"content":{"rendered":"<p><a href=\"https:\/\/www.gercekgundem.com\/siyaset\/adalet-bakani-yilmaz-tunctan-yeni-anayasa-cikisi-degismesi-lazim-555013\"><br \/>\n                                                            <img decoding=\"async\" src=\"https:\/\/i.gercekgundem.com\/2\/150\/84\/storage\/files\/images\/2025\/09\/12\/adalet-bakani-yilmaz-tunctan-yeni-anayasa-cikisi-degismesi-lazim-1wyb.jpg\" width=\"150\" height=\"84\" border=\"0\" align=\"right\" \/><br \/>\n                                                    <\/a><\/p>\n<h4>Adalet Bakan\u0131 Y\u0131lmaz Tun\u00e7, 12 Eyl\u00fcl darbesinin 45. y\u0131l d\u00f6n\u00fcm\u00fcnde AKP \u00c7anakkale \u0130l Ba\u015fkanl\u0131\u011f\u0131&#8217;nda d\u00fczenledi\u011fi bas\u0131n toplant\u0131s\u0131nda, &#8220;Darbe anayasas\u0131yla y\u00f6netilmekten memnun de\u011filiz. Bu anayasan\u0131n de\u011fi\u015fmesi laz\u0131m&#8221; diyerek yeni anayasa \u00e7a\u011fr\u0131s\u0131 yapt\u0131. Tun\u00e7, demokratik ve sivil bir anayasaya ge\u00e7i\u015fin Cumhuriyet&#8217;in ikinci y\u00fczy\u0131l\u0131 i\u00e7in \u015fart oldu\u011funu vurgulad\u0131.<\/h4>\n<p>Adalet Bakan\u0131 Y\u0131lmaz Tun\u00e7, 12 Eyl\u00fcl darbesinin 45. y\u0131l d\u00f6n\u00fcm\u00fcnde AKP \u00c7anakkale \u0130l Ba\u015fkanl\u0131\u011f\u0131&#8217;nda d\u00fczenledi\u011fi bas\u0131n toplant\u0131s\u0131nda, &#8220;Darbe anayasas\u0131yla y\u00f6netilmekten memnun de\u011filiz. Bu anayasan\u0131n de\u011fi\u015fmesi laz\u0131m&#8221; diyerek yeni anayasa \u00e7a\u011fr\u0131s\u0131 yapt\u0131. Tun\u00e7, demokratik ve sivil bir anayasaya ge\u00e7i\u015fin Cumhuriyet&#8217;in ikinci y\u00fczy\u0131l\u0131 i\u00e7in \u015fart oldu\u011funu vurgulad\u0131.\u00a0<a href=\"https:\/\/www.gercekgundem.com\/siyaset\/adalet-bakani-yilmaz-tunctan-yeni-anayasa-cikisi-degismesi-lazim-555013\" target=\"_blank\" class=\"feedzy-rss-link-icon\">Read More<\/a><\/p>","protected":false},"excerpt":{"rendered":"<p>Adalet Bakan\u0131 Y\u0131lmaz Tun\u00e7, 12 Eyl\u00fcl darbesinin 45. y\u0131l d\u00f6n\u00fcm\u00fcnde AKP \u00c7anakkale \u0130l Ba\u015fkanl\u0131\u011f\u0131&#8217;nda d\u00fczenledi\u011fi bas\u0131n toplant\u0131s\u0131nda, &#8220;Darbe anayasas\u0131yla y\u00f6netilmekten memnun de\u011filiz. Bu anayasan\u0131n de\u011fi\u015fmesi laz\u0131m&#8221; diyerek yeni anayasa \u00e7a\u011fr\u0131s\u0131 yapt\u0131. Tun\u00e7, demokratik ve sivil bir anayasaya ge\u00e7i\u015fin Cumhuriyet&#8217;in ikinci y\u00fczy\u0131l\u0131 i\u00e7in \u015fart oldu\u011funu vurgulad\u0131. Adalet Bakan\u0131 Y\u0131lmaz Tun\u00e7, 12 Eyl\u00fcl darbesinin 45. y\u0131l d\u00f6n\u00fcm\u00fcnde [&hellip;]<\/p>\n","protected":false},"author":1,"featured_media":4681,"comment_status":"open","ping_status":"open","sticky":false,"template":"","format":"standard","meta":{"footnotes":"","_links_to":"","_links_to_target":""},"categories":[1],"tags":[],"class_list":["post-4680","post","type-post","status-publish","format-standard","has-post-thumbnail","hentry","category-haberler"],"_links":{"self":[{"href":"https:\/\/www.abchukuk.com\/index.php\/wp-json\/wp\/v2\/posts\/4680","targetHints":{"allow":["GET"]}}],"collection":[{"href":"https:\/\/www.abchukuk.com\/index.php\/wp-json\/wp\/v2\/posts"}],"about":[{"href":"https:\/\/www.abchukuk.com\/index.php\/wp-json\/wp\/v2\/types\/post"}],"author":[{"embeddable":true,"href":"https:\/\/www.abchukuk.com\/index.php\/wp-json\/wp\/v2\/users\/1"}],"replies":[{"embeddable":true,"href":"https:\/\/www.abchukuk.com\/index.php\/wp-json\/wp\/v2\/comments?post=4680"}],"version-history":[{"count":0,"href":"https:\/\/www.abchukuk.com\/index.php\/wp-json\/wp\/v2\/posts\/4680\/revisions"}],"wp:featuredmedia":[{"embeddable":true,"href":"https:\/\/www.abchukuk.com\/index.php\/wp-json\/wp\/v2\/media\/4681"}],"wp:attachment":[{"href":"https:\/\/www.abchukuk.com\/index.php\/wp-json\/wp\/v2\/media?parent=4680"}],"wp:term":[{"taxonomy":"category","embeddable":true,"href":"https:\/\/www.abchukuk.com\/index.php\/wp-json\/wp\/v2\/categories?post=4680"},{"taxonomy":"post_tag","embeddable":true,"href":"https:\/\/www.abchukuk.com\/index.php\/wp-json\/wp\/v2\/tags?post=4680"}],"curies":[{"name":"wp","href":"https:\/\/api.w.org\/{rel}","templated":true}]}}