{"id":4678,"date":"2025-09-12T13:37:00","date_gmt":"2025-09-12T13:37:00","guid":{"rendered":"https:\/\/www.abchukuk.com\/index.php\/2025\/09\/12\/siyanurlu-baltali-bicakli-aile-faciasinda-tutuklama\/"},"modified":"2025-09-12T13:37:00","modified_gmt":"2025-09-12T13:37:00","slug":"siyanurlu-baltali-bicakli-aile-faciasinda-tutuklama","status":"publish","type":"post","link":"https:\/\/www.abchukuk.com\/index.php\/2025\/09\/12\/siyanurlu-baltali-bicakli-aile-faciasinda-tutuklama\/","title":{"rendered":"Siyan\u00fcrl\u00fc, baltal\u0131, b\u0131\u00e7akl\u0131 aile facias\u0131nda tutuklama"},"content":{"rendered":"<p>Edirne\u2019de ailesine yemeklerine siyan\u00fcr katt\u0131\u011f\u0131n\u0131 s\u00f6yleyip, ard\u0131ndan balta ve b\u0131\u00e7akla sald\u0131rarak evi ate\u015fe veren \u015fah\u0131s, babas\u0131n\u0131n k\u0131zg\u0131n ya\u011f d\u00f6kmesi sonucu etkisiz hale getirilmi\u015fti. G\u00f6zalt\u0131na al\u0131nan zanl\u0131 tutukland\u0131.Edirne\u2019de ailesine yemeklerine siyan\u00fcr katt\u0131\u011f\u0131n\u0131 s\u00f6yleyip, ard\u0131ndan balta ve b\u0131\u00e7akla sald\u0131rarak evi ate\u015fe veren \u015fah\u0131s, babas\u0131n\u0131n k\u0131zg\u0131n ya\u011f d\u00f6kmesi sonucu etkisiz hale getirilmi\u015fti. G\u00f6zalt\u0131na al\u0131nan zanl\u0131 tutukland\u0131.\u00a0<a href=\"https:\/\/www.cumhuriyet.com.tr\/turkiye\/siyanurlu-baltali-bicakli-aile-faciasinda-tutuklama-2434591\" target=\"_blank\" class=\"feedzy-rss-link-icon\">Read More<\/a><\/p>","protected":false},"excerpt":{"rendered":"<p>Edirne\u2019de ailesine yemeklerine siyan\u00fcr katt\u0131\u011f\u0131n\u0131 s\u00f6yleyip, ard\u0131ndan balta ve b\u0131\u00e7akla sald\u0131rarak evi ate\u015fe veren \u015fah\u0131s, babas\u0131n\u0131n k\u0131zg\u0131n ya\u011f d\u00f6kmesi sonucu etkisiz hale getirilmi\u015fti. G\u00f6zalt\u0131na al\u0131nan zanl\u0131 tutukland\u0131.Edirne\u2019de ailesine yemeklerine siyan\u00fcr katt\u0131\u011f\u0131n\u0131 s\u00f6yleyip, ard\u0131ndan balta ve b\u0131\u00e7akla sald\u0131rarak evi ate\u015fe veren \u015fah\u0131s, babas\u0131n\u0131n k\u0131zg\u0131n ya\u011f d\u00f6kmesi sonucu etkisiz hale getirilmi\u015fti. G\u00f6zalt\u0131na al\u0131nan zanl\u0131 tutukland\u0131.\u00a0Read More<\/p>\n","protected":false},"author":1,"featured_media":4679,"comment_status":"open","ping_status":"open","sticky":false,"template":"","format":"standard","meta":{"footnotes":"","_links_to":"","_links_to_target":""},"categories":[1],"tags":[],"class_list":["post-4678","post","type-post","status-publish","format-standard","has-post-thumbnail","hentry","category-haberler"],"_links":{"self":[{"href":"https:\/\/www.abchukuk.com\/index.php\/wp-json\/wp\/v2\/posts\/4678","targetHints":{"allow":["GET"]}}],"collection":[{"href":"https:\/\/www.abchukuk.com\/index.php\/wp-json\/wp\/v2\/posts"}],"about":[{"href":"https:\/\/www.abchukuk.com\/index.php\/wp-json\/wp\/v2\/types\/post"}],"author":[{"embeddable":true,"href":"https:\/\/www.abchukuk.com\/index.php\/wp-json\/wp\/v2\/users\/1"}],"replies":[{"embeddable":true,"href":"https:\/\/www.abchukuk.com\/index.php\/wp-json\/wp\/v2\/comments?post=4678"}],"version-history":[{"count":0,"href":"https:\/\/www.abchukuk.com\/index.php\/wp-json\/wp\/v2\/posts\/4678\/revisions"}],"wp:featuredmedia":[{"embeddable":true,"href":"https:\/\/www.abchukuk.com\/index.php\/wp-json\/wp\/v2\/media\/4679"}],"wp:attachment":[{"href":"https:\/\/www.abchukuk.com\/index.php\/wp-json\/wp\/v2\/media?parent=4678"}],"wp:term":[{"taxonomy":"category","embeddable":true,"href":"https:\/\/www.abchukuk.com\/index.php\/wp-json\/wp\/v2\/categories?post=4678"},{"taxonomy":"post_tag","embeddable":true,"href":"https:\/\/www.abchukuk.com\/index.php\/wp-json\/wp\/v2\/tags?post=4678"}],"curies":[{"name":"wp","href":"https:\/\/api.w.org\/{rel}","templated":true}]}}