{"id":4667,"date":"2025-09-12T12:03:47","date_gmt":"2025-09-12T12:03:47","guid":{"rendered":"https:\/\/www.abchukuk.com\/index.php\/2025\/09\/12\/yunanistanda-basrahip-ve-5-kisi-bizans-kalintilarini-calmaktan-yargilanacak\/"},"modified":"2025-09-12T12:03:47","modified_gmt":"2025-09-12T12:03:47","slug":"yunanistanda-basrahip-ve-5-kisi-bizans-kalintilarini-calmaktan-yargilanacak","status":"publish","type":"post","link":"https:\/\/www.abchukuk.com\/index.php\/2025\/09\/12\/yunanistanda-basrahip-ve-5-kisi-bizans-kalintilarini-calmaktan-yargilanacak\/","title":{"rendered":"Yunanistan&#8217;da ba\u015frahip ve 5 ki\u015fi Bizans kal\u0131nt\u0131lar\u0131n\u0131 \u00e7almaktan yarg\u0131lanacak"},"content":{"rendered":"<p>Ba\u015frahip ve di\u011fer be\u015f san\u0131k, aralar\u0131nda 17 Bizans ikonas\u0131 ve 18. y\u00fczy\u0131la ait iki \u0130ncil\u2019in de yer ald\u0131\u011f\u0131 nadir eserleri satmaya \u00e7al\u0131\u015ft\u0131klar\u0131 gerek\u00e7esiyle tutuklu yarg\u0131lanacak.Ba\u015frahip ve di\u011fer be\u015f san\u0131k, aralar\u0131nda 17 Bizans ikonas\u0131 ve 18. y\u00fczy\u0131la ait iki \u0130ncil\u2019in de yer ald\u0131\u011f\u0131 nadir eserleri satmaya \u00e7al\u0131\u015ft\u0131klar\u0131 gerek\u00e7esiyle tutuklu yarg\u0131lanacak.\u00a0<a href=\"http:\/\/tr.euronews.com\/2025\/09\/12\/yunanistanda-basrahip-ve-5-kisi-bizans-kalintilarini-calmaktan-yargilanacak\" target=\"_blank\" class=\"feedzy-rss-link-icon\">Read More<\/a><\/p>","protected":false},"excerpt":{"rendered":"<p>Ba\u015frahip ve di\u011fer be\u015f san\u0131k, aralar\u0131nda 17 Bizans ikonas\u0131 ve 18. y\u00fczy\u0131la ait iki \u0130ncil\u2019in de yer ald\u0131\u011f\u0131 nadir eserleri satmaya \u00e7al\u0131\u015ft\u0131klar\u0131 gerek\u00e7esiyle tutuklu yarg\u0131lanacak.Ba\u015frahip ve di\u011fer be\u015f san\u0131k, aralar\u0131nda 17 Bizans ikonas\u0131 ve 18. y\u00fczy\u0131la ait iki \u0130ncil\u2019in de yer ald\u0131\u011f\u0131 nadir eserleri satmaya \u00e7al\u0131\u015ft\u0131klar\u0131 gerek\u00e7esiyle tutuklu yarg\u0131lanacak.\u00a0Read More<\/p>\n","protected":false},"author":1,"featured_media":0,"comment_status":"open","ping_status":"open","sticky":false,"template":"","format":"standard","meta":{"footnotes":"","_links_to":"","_links_to_target":""},"categories":[1],"tags":[],"class_list":["post-4667","post","type-post","status-publish","format-standard","hentry","category-haberler"],"_links":{"self":[{"href":"https:\/\/www.abchukuk.com\/index.php\/wp-json\/wp\/v2\/posts\/4667","targetHints":{"allow":["GET"]}}],"collection":[{"href":"https:\/\/www.abchukuk.com\/index.php\/wp-json\/wp\/v2\/posts"}],"about":[{"href":"https:\/\/www.abchukuk.com\/index.php\/wp-json\/wp\/v2\/types\/post"}],"author":[{"embeddable":true,"href":"https:\/\/www.abchukuk.com\/index.php\/wp-json\/wp\/v2\/users\/1"}],"replies":[{"embeddable":true,"href":"https:\/\/www.abchukuk.com\/index.php\/wp-json\/wp\/v2\/comments?post=4667"}],"version-history":[{"count":0,"href":"https:\/\/www.abchukuk.com\/index.php\/wp-json\/wp\/v2\/posts\/4667\/revisions"}],"wp:attachment":[{"href":"https:\/\/www.abchukuk.com\/index.php\/wp-json\/wp\/v2\/media?parent=4667"}],"wp:term":[{"taxonomy":"category","embeddable":true,"href":"https:\/\/www.abchukuk.com\/index.php\/wp-json\/wp\/v2\/categories?post=4667"},{"taxonomy":"post_tag","embeddable":true,"href":"https:\/\/www.abchukuk.com\/index.php\/wp-json\/wp\/v2\/tags?post=4667"}],"curies":[{"name":"wp","href":"https:\/\/api.w.org\/{rel}","templated":true}]}}