{"id":4662,"date":"2025-09-12T12:22:00","date_gmt":"2025-09-12T12:22:00","guid":{"rendered":"https:\/\/www.abchukuk.com\/index.php\/2025\/09\/12\/insan-avi-sona-erdi-abd-baskani-trump-duyurdu-charlie-kirkun-katili-gozaltinda\/"},"modified":"2025-09-12T12:22:00","modified_gmt":"2025-09-12T12:22:00","slug":"insan-avi-sona-erdi-abd-baskani-trump-duyurdu-charlie-kirkun-katili-gozaltinda","status":"publish","type":"post","link":"https:\/\/www.abchukuk.com\/index.php\/2025\/09\/12\/insan-avi-sona-erdi-abd-baskani-trump-duyurdu-charlie-kirkun-katili-gozaltinda\/","title":{"rendered":"\u0130nsan av\u0131 sona erdi! ABD Ba\u015fkan\u0131 Trump duyurdu: Charlie Kirk\u2019\u00fcn katili g\u00f6zalt\u0131nda"},"content":{"rendered":"<p>ABD Ba\u015fkan\u0131 Donald Trump, Cumhuriyet\u00e7i aktivist Charlie Kirk\u2019\u00fcn \u00f6ld\u00fcr\u00fclmesiyle ilgili \u015f\u00fcphelinin g\u00f6zalt\u0131na al\u0131nd\u0131\u011f\u0131n\u0131 a\u00e7\u0131klad\u0131. Trump, Fox News\u2019e verdi\u011fi deme\u00e7te, \u201cOna \u00e7ok yak\u0131n biri onu ihbar etti\u201d ifadelerini kulland\u0131.ABD Ba\u015fkan\u0131 Donald Trump, Cumhuriyet\u00e7i aktivist Charlie Kirk\u2019\u00fcn \u00f6ld\u00fcr\u00fclmesiyle ilgili \u015f\u00fcphelinin g\u00f6zalt\u0131na al\u0131nd\u0131\u011f\u0131n\u0131 a\u00e7\u0131klad\u0131. Trump, Fox News\u2019e verdi\u011fi deme\u00e7te, \u201cOna \u00e7ok yak\u0131n biri onu ihbar etti\u201d ifadelerini kulland\u0131.\u00a0<a href=\"https:\/\/www.dunya.com\/dunya\/insan-avi-sona-erdi-abd-baskani-trump-duyurdu-charlie-kirkun-katili-gozaltinda-haberi-793808\" target=\"_blank\" class=\"feedzy-rss-link-icon\">Read More<\/a><\/p>","protected":false},"excerpt":{"rendered":"<p>ABD Ba\u015fkan\u0131 Donald Trump, Cumhuriyet\u00e7i aktivist Charlie Kirk\u2019\u00fcn \u00f6ld\u00fcr\u00fclmesiyle ilgili \u015f\u00fcphelinin g\u00f6zalt\u0131na al\u0131nd\u0131\u011f\u0131n\u0131 a\u00e7\u0131klad\u0131. Trump, Fox News\u2019e verdi\u011fi deme\u00e7te, \u201cOna \u00e7ok yak\u0131n biri onu ihbar etti\u201d ifadelerini kulland\u0131.ABD Ba\u015fkan\u0131 Donald Trump, Cumhuriyet\u00e7i aktivist Charlie Kirk\u2019\u00fcn \u00f6ld\u00fcr\u00fclmesiyle ilgili \u015f\u00fcphelinin g\u00f6zalt\u0131na al\u0131nd\u0131\u011f\u0131n\u0131 a\u00e7\u0131klad\u0131. Trump, Fox News\u2019e verdi\u011fi deme\u00e7te, \u201cOna \u00e7ok yak\u0131n biri onu ihbar etti\u201d ifadelerini kulland\u0131.\u00a0Read [&hellip;]<\/p>\n","protected":false},"author":1,"featured_media":4663,"comment_status":"open","ping_status":"open","sticky":false,"template":"","format":"standard","meta":{"footnotes":"","_links_to":"","_links_to_target":""},"categories":[1],"tags":[],"class_list":["post-4662","post","type-post","status-publish","format-standard","has-post-thumbnail","hentry","category-haberler"],"_links":{"self":[{"href":"https:\/\/www.abchukuk.com\/index.php\/wp-json\/wp\/v2\/posts\/4662","targetHints":{"allow":["GET"]}}],"collection":[{"href":"https:\/\/www.abchukuk.com\/index.php\/wp-json\/wp\/v2\/posts"}],"about":[{"href":"https:\/\/www.abchukuk.com\/index.php\/wp-json\/wp\/v2\/types\/post"}],"author":[{"embeddable":true,"href":"https:\/\/www.abchukuk.com\/index.php\/wp-json\/wp\/v2\/users\/1"}],"replies":[{"embeddable":true,"href":"https:\/\/www.abchukuk.com\/index.php\/wp-json\/wp\/v2\/comments?post=4662"}],"version-history":[{"count":0,"href":"https:\/\/www.abchukuk.com\/index.php\/wp-json\/wp\/v2\/posts\/4662\/revisions"}],"wp:featuredmedia":[{"embeddable":true,"href":"https:\/\/www.abchukuk.com\/index.php\/wp-json\/wp\/v2\/media\/4663"}],"wp:attachment":[{"href":"https:\/\/www.abchukuk.com\/index.php\/wp-json\/wp\/v2\/media?parent=4662"}],"wp:term":[{"taxonomy":"category","embeddable":true,"href":"https:\/\/www.abchukuk.com\/index.php\/wp-json\/wp\/v2\/categories?post=4662"},{"taxonomy":"post_tag","embeddable":true,"href":"https:\/\/www.abchukuk.com\/index.php\/wp-json\/wp\/v2\/tags?post=4662"}],"curies":[{"name":"wp","href":"https:\/\/api.w.org\/{rel}","templated":true}]}}