{"id":4650,"date":"2025-09-12T11:04:00","date_gmt":"2025-09-12T11:04:00","guid":{"rendered":"https:\/\/www.abchukuk.com\/index.php\/2025\/09\/12\/mahkeme-kararinin-ardindan-chpden-kritik-hamle-chpden-kayyum-icin-mahkemeye-basvuru\/"},"modified":"2025-09-12T11:04:00","modified_gmt":"2025-09-12T11:04:00","slug":"mahkeme-kararinin-ardindan-chpden-kritik-hamle-chpden-kayyum-icin-mahkemeye-basvuru","status":"publish","type":"post","link":"https:\/\/www.abchukuk.com\/index.php\/2025\/09\/12\/mahkeme-kararinin-ardindan-chpden-kritik-hamle-chpden-kayyum-icin-mahkemeye-basvuru\/","title":{"rendered":"Mahkeme karar\u0131n\u0131n ard\u0131ndan CHP\u2019den kritik hamle: CHP\u2019den kayyum i\u00e7in mahkemeye ba\u015fvuru"},"content":{"rendered":"<p>CHP Grup Ba\u015fkanvekili Murat Emir, Ankara 3. Asliye Mahkemesi\u2019nin d\u00fcnk\u00fc \u201cret\u201d karar\u0131n\u0131n ard\u0131ndan \u0130stanbul \u0130l Ba\u015fkanl\u0131\u011f\u0131\u2019na kayyum atanmas\u0131yla ilgili yeni bir ad\u0131m att\u0131klar\u0131n\u0131 a\u00e7\u0131klad\u0131. Emir, kayyumun kald\u0131r\u0131lmas\u0131 i\u00e7in mahkemeye ba\u015fvurduklar\u0131n\u0131 belirterek, \u201cSaray\u2019\u0131n a\u011fz\u0131yla konu\u015fandan CHP\u2019li olmaz\u201d s\u00f6zleriyle tepki g\u00f6sterdi.CHP Grup Ba\u015fkanvekili Murat Emir, Ankara 3. Asliye Mahkemesi\u2019nin d\u00fcnk\u00fc \u201cret\u201d karar\u0131n\u0131n ard\u0131ndan \u0130stanbul \u0130l Ba\u015fkanl\u0131\u011f\u0131\u2019na kayyum atanmas\u0131yla ilgili yeni bir ad\u0131m att\u0131klar\u0131n\u0131 a\u00e7\u0131klad\u0131. Emir, kayyumun kald\u0131r\u0131lmas\u0131 i\u00e7in mahkemeye ba\u015fvurduklar\u0131n\u0131 belirterek, \u201cSaray\u2019\u0131n a\u011fz\u0131yla konu\u015fandan CHP\u2019li olmaz\u201d s\u00f6zleriyle tepki g\u00f6sterdi.\u00a0<a href=\"https:\/\/www.dunya.com\/gundem\/mahkeme-kararinin-ardindan-chpden-kritik-hamle-chpden-kayyum-icin-mahkemeye-basvuru-haberi-793792\" target=\"_blank\" class=\"feedzy-rss-link-icon\">Read More<\/a><\/p>","protected":false},"excerpt":{"rendered":"<p>CHP Grup Ba\u015fkanvekili Murat Emir, Ankara 3. Asliye Mahkemesi\u2019nin d\u00fcnk\u00fc \u201cret\u201d karar\u0131n\u0131n ard\u0131ndan \u0130stanbul \u0130l Ba\u015fkanl\u0131\u011f\u0131\u2019na kayyum atanmas\u0131yla ilgili yeni bir ad\u0131m att\u0131klar\u0131n\u0131 a\u00e7\u0131klad\u0131. Emir, kayyumun kald\u0131r\u0131lmas\u0131 i\u00e7in mahkemeye ba\u015fvurduklar\u0131n\u0131 belirterek, \u201cSaray\u2019\u0131n a\u011fz\u0131yla konu\u015fandan CHP\u2019li olmaz\u201d s\u00f6zleriyle tepki g\u00f6sterdi.CHP Grup Ba\u015fkanvekili Murat Emir, Ankara 3. Asliye Mahkemesi\u2019nin d\u00fcnk\u00fc \u201cret\u201d karar\u0131n\u0131n ard\u0131ndan \u0130stanbul \u0130l Ba\u015fkanl\u0131\u011f\u0131\u2019na kayyum [&hellip;]<\/p>\n","protected":false},"author":1,"featured_media":4651,"comment_status":"open","ping_status":"open","sticky":false,"template":"","format":"standard","meta":{"footnotes":"","_links_to":"","_links_to_target":""},"categories":[1],"tags":[],"class_list":["post-4650","post","type-post","status-publish","format-standard","has-post-thumbnail","hentry","category-haberler"],"_links":{"self":[{"href":"https:\/\/www.abchukuk.com\/index.php\/wp-json\/wp\/v2\/posts\/4650","targetHints":{"allow":["GET"]}}],"collection":[{"href":"https:\/\/www.abchukuk.com\/index.php\/wp-json\/wp\/v2\/posts"}],"about":[{"href":"https:\/\/www.abchukuk.com\/index.php\/wp-json\/wp\/v2\/types\/post"}],"author":[{"embeddable":true,"href":"https:\/\/www.abchukuk.com\/index.php\/wp-json\/wp\/v2\/users\/1"}],"replies":[{"embeddable":true,"href":"https:\/\/www.abchukuk.com\/index.php\/wp-json\/wp\/v2\/comments?post=4650"}],"version-history":[{"count":0,"href":"https:\/\/www.abchukuk.com\/index.php\/wp-json\/wp\/v2\/posts\/4650\/revisions"}],"wp:featuredmedia":[{"embeddable":true,"href":"https:\/\/www.abchukuk.com\/index.php\/wp-json\/wp\/v2\/media\/4651"}],"wp:attachment":[{"href":"https:\/\/www.abchukuk.com\/index.php\/wp-json\/wp\/v2\/media?parent=4650"}],"wp:term":[{"taxonomy":"category","embeddable":true,"href":"https:\/\/www.abchukuk.com\/index.php\/wp-json\/wp\/v2\/categories?post=4650"},{"taxonomy":"post_tag","embeddable":true,"href":"https:\/\/www.abchukuk.com\/index.php\/wp-json\/wp\/v2\/tags?post=4650"}],"curies":[{"name":"wp","href":"https:\/\/api.w.org\/{rel}","templated":true}]}}