{"id":4648,"date":"2025-09-12T11:07:00","date_gmt":"2025-09-12T11:07:00","guid":{"rendered":"https:\/\/www.abchukuk.com\/index.php\/2025\/09\/12\/mahkemenin-ret-kararinin-ardindan-chpden-kritik-kayyim-hamlesi\/"},"modified":"2025-09-12T11:07:00","modified_gmt":"2025-09-12T11:07:00","slug":"mahkemenin-ret-kararinin-ardindan-chpden-kritik-kayyim-hamlesi","status":"publish","type":"post","link":"https:\/\/www.abchukuk.com\/index.php\/2025\/09\/12\/mahkemenin-ret-kararinin-ardindan-chpden-kritik-kayyim-hamlesi\/","title":{"rendered":"Mahkemenin Ret Karar\u0131n\u0131n Ard\u0131ndan&#8230; CHP&#8217;den Kritik &#8216;Kayy\u0131m&#8217; Hamlesi"},"content":{"rendered":"<p><a href=\"https:\/\/www.gercekgundem.com\/siyaset\/mahkemenin-ret-kararinin-ardindan-chpden-kritik-kayyim-hamlesi-554989\"><br \/>\n                                                            <img decoding=\"async\" src=\"https:\/\/i.gercekgundem.com\/2\/150\/84\/storage\/files\/images\/2025\/09\/12\/mahkemenin-ret-kararinin-ardindan-chpden-kritik-kayyim-hamlesi-cj3a.jpg\" width=\"150\" height=\"84\" border=\"0\" align=\"right\" \/><br \/>\n                                                    <\/a><\/p>\n<h4>CHP&#8217;li Murat Emir, d\u00fcnk\u00fc mahkeme karar\u0131n\u0131n ard\u0131ndan CHP \u0130stanbul \u0130l Ba\u015fkanl\u0131\u011f\u0131&#8217;ndaki kayy\u0131m\u0131n kald\u0131r\u0131lmas\u0131 i\u00e7in mahkemeye ba\u015fvurduklar\u0131n\u0131 a\u00e7\u0131klad\u0131. Emir, karar\u0131 \u201csiyasi\u201d olarak nitelendirdi ve \u201cSaray\u0131n a\u011fz\u0131yla konu\u015fan CHP\u2019li olamaz\u201d dedi.<\/h4>\n<p>CHP&#8217;li Murat Emir, d\u00fcnk\u00fc mahkeme karar\u0131n\u0131n ard\u0131ndan CHP \u0130stanbul \u0130l Ba\u015fkanl\u0131\u011f\u0131&#8217;ndaki kayy\u0131m\u0131n kald\u0131r\u0131lmas\u0131 i\u00e7in mahkemeye ba\u015fvurduklar\u0131n\u0131 a\u00e7\u0131klad\u0131. Emir, karar\u0131 \u201csiyasi\u201d olarak nitelendirdi ve \u201cSaray\u0131n a\u011fz\u0131yla konu\u015fan CHP\u2019li olamaz\u201d dedi.\u00a0<a href=\"https:\/\/www.gercekgundem.com\/siyaset\/mahkemenin-ret-kararinin-ardindan-chpden-kritik-kayyim-hamlesi-554989\" target=\"_blank\" class=\"feedzy-rss-link-icon\">Read More<\/a><\/p>","protected":false},"excerpt":{"rendered":"<p>CHP&#8217;li Murat Emir, d\u00fcnk\u00fc mahkeme karar\u0131n\u0131n ard\u0131ndan CHP \u0130stanbul \u0130l Ba\u015fkanl\u0131\u011f\u0131&#8217;ndaki kayy\u0131m\u0131n kald\u0131r\u0131lmas\u0131 i\u00e7in mahkemeye ba\u015fvurduklar\u0131n\u0131 a\u00e7\u0131klad\u0131. Emir, karar\u0131 \u201csiyasi\u201d olarak nitelendirdi ve \u201cSaray\u0131n a\u011fz\u0131yla konu\u015fan CHP\u2019li olamaz\u201d dedi. CHP&#8217;li Murat Emir, d\u00fcnk\u00fc mahkeme karar\u0131n\u0131n ard\u0131ndan CHP \u0130stanbul \u0130l Ba\u015fkanl\u0131\u011f\u0131&#8217;ndaki kayy\u0131m\u0131n kald\u0131r\u0131lmas\u0131 i\u00e7in mahkemeye ba\u015fvurduklar\u0131n\u0131 a\u00e7\u0131klad\u0131. Emir, karar\u0131 \u201csiyasi\u201d olarak nitelendirdi ve \u201cSaray\u0131n a\u011fz\u0131yla konu\u015fan [&hellip;]<\/p>\n","protected":false},"author":1,"featured_media":4649,"comment_status":"open","ping_status":"open","sticky":false,"template":"","format":"standard","meta":{"footnotes":"","_links_to":"","_links_to_target":""},"categories":[1],"tags":[],"class_list":["post-4648","post","type-post","status-publish","format-standard","has-post-thumbnail","hentry","category-haberler"],"_links":{"self":[{"href":"https:\/\/www.abchukuk.com\/index.php\/wp-json\/wp\/v2\/posts\/4648","targetHints":{"allow":["GET"]}}],"collection":[{"href":"https:\/\/www.abchukuk.com\/index.php\/wp-json\/wp\/v2\/posts"}],"about":[{"href":"https:\/\/www.abchukuk.com\/index.php\/wp-json\/wp\/v2\/types\/post"}],"author":[{"embeddable":true,"href":"https:\/\/www.abchukuk.com\/index.php\/wp-json\/wp\/v2\/users\/1"}],"replies":[{"embeddable":true,"href":"https:\/\/www.abchukuk.com\/index.php\/wp-json\/wp\/v2\/comments?post=4648"}],"version-history":[{"count":0,"href":"https:\/\/www.abchukuk.com\/index.php\/wp-json\/wp\/v2\/posts\/4648\/revisions"}],"wp:featuredmedia":[{"embeddable":true,"href":"https:\/\/www.abchukuk.com\/index.php\/wp-json\/wp\/v2\/media\/4649"}],"wp:attachment":[{"href":"https:\/\/www.abchukuk.com\/index.php\/wp-json\/wp\/v2\/media?parent=4648"}],"wp:term":[{"taxonomy":"category","embeddable":true,"href":"https:\/\/www.abchukuk.com\/index.php\/wp-json\/wp\/v2\/categories?post=4648"},{"taxonomy":"post_tag","embeddable":true,"href":"https:\/\/www.abchukuk.com\/index.php\/wp-json\/wp\/v2\/tags?post=4648"}],"curies":[{"name":"wp","href":"https:\/\/api.w.org\/{rel}","templated":true}]}}