{"id":4646,"date":"2025-09-12T11:14:00","date_gmt":"2025-09-12T11:14:00","guid":{"rendered":"https:\/\/www.abchukuk.com\/index.php\/2025\/09\/12\/sarachane-mitingine-katilan-ve-cumhurbaskanina-hakaret-sucundan-yargilanan-7-genc-tahliye-edildi\/"},"modified":"2025-09-12T11:14:00","modified_gmt":"2025-09-12T11:14:00","slug":"sarachane-mitingine-katilan-ve-cumhurbaskanina-hakaret-sucundan-yargilanan-7-genc-tahliye-edildi","status":"publish","type":"post","link":"https:\/\/www.abchukuk.com\/index.php\/2025\/09\/12\/sarachane-mitingine-katilan-ve-cumhurbaskanina-hakaret-sucundan-yargilanan-7-genc-tahliye-edildi\/","title":{"rendered":"Sara\u00e7hane mitingine kat\u0131lan ve &#8216;Cumhurba\u015fkan\u0131na hakaret&#8217; su\u00e7undan yarg\u0131lanan 7 gen\u00e7 tahliye edildi"},"content":{"rendered":"<p>Ekrem \u0130mamo\u011flu\u2019nun tutuklulu\u011funun 100&#8217;\u00fcnc\u00fc g\u00fcn\u00fcnde Sara\u00e7hane\u2019de d\u00fczenlenen mitinge kat\u0131lan 7 gen\u00e7, \u201cCumhurba\u015fkan\u0131na hakaret\u201d su\u00e7uyla hakim kar\u015f\u0131s\u0131na \u00e7\u0131kt\u0131. Mahkeme, yakla\u015f\u0131k 2.5 ayd\u0131r tutuklu bulunan san\u0131klar\u0131n yurtd\u0131\u015f\u0131 \u00e7\u0131k\u0131\u015f yasa\u011f\u0131yla tahliyesine karar verdi. Bir sonraki duru\u015fma, 24 Ekim\u2019e ertelendi.Ekrem \u0130mamo\u011flu\u2019nun tutuklulu\u011funun 100&#8217;\u00fcnc\u00fc g\u00fcn\u00fcnde Sara\u00e7hane\u2019de d\u00fczenlenen mitinge kat\u0131lan 7 gen\u00e7, \u201cCumhurba\u015fkan\u0131na hakaret\u201d su\u00e7uyla hakim kar\u015f\u0131s\u0131na \u00e7\u0131kt\u0131. Mahkeme, yakla\u015f\u0131k 2.5 ayd\u0131r tutuklu bulunan san\u0131klar\u0131n yurtd\u0131\u015f\u0131 \u00e7\u0131k\u0131\u015f yasa\u011f\u0131yla tahliyesine karar verdi. Bir sonraki duru\u015fma, 24 Ekim\u2019e ertelendi.\u00a0<a href=\"https:\/\/www.cumhuriyet.com.tr\/turkiye\/sarachane-mitingine-katilan-ve-cumhurbaskanina-hakaret-sucundan-yargilanan-7-genc-tahliye-edildi-2434535\" target=\"_blank\" class=\"feedzy-rss-link-icon\">Read More<\/a><\/p>","protected":false},"excerpt":{"rendered":"<p>Ekrem \u0130mamo\u011flu\u2019nun tutuklulu\u011funun 100&#8217;\u00fcnc\u00fc g\u00fcn\u00fcnde Sara\u00e7hane\u2019de d\u00fczenlenen mitinge kat\u0131lan 7 gen\u00e7, \u201cCumhurba\u015fkan\u0131na hakaret\u201d su\u00e7uyla hakim kar\u015f\u0131s\u0131na \u00e7\u0131kt\u0131. Mahkeme, yakla\u015f\u0131k 2.5 ayd\u0131r tutuklu bulunan san\u0131klar\u0131n yurtd\u0131\u015f\u0131 \u00e7\u0131k\u0131\u015f yasa\u011f\u0131yla tahliyesine karar verdi. Bir sonraki duru\u015fma, 24 Ekim\u2019e ertelendi.Ekrem \u0130mamo\u011flu\u2019nun tutuklulu\u011funun 100&#8217;\u00fcnc\u00fc g\u00fcn\u00fcnde Sara\u00e7hane\u2019de d\u00fczenlenen mitinge kat\u0131lan 7 gen\u00e7, \u201cCumhurba\u015fkan\u0131na hakaret\u201d su\u00e7uyla hakim kar\u015f\u0131s\u0131na \u00e7\u0131kt\u0131. Mahkeme, yakla\u015f\u0131k 2.5 [&hellip;]<\/p>\n","protected":false},"author":1,"featured_media":4647,"comment_status":"open","ping_status":"open","sticky":false,"template":"","format":"standard","meta":{"footnotes":"","_links_to":"","_links_to_target":""},"categories":[1],"tags":[],"class_list":["post-4646","post","type-post","status-publish","format-standard","has-post-thumbnail","hentry","category-haberler"],"_links":{"self":[{"href":"https:\/\/www.abchukuk.com\/index.php\/wp-json\/wp\/v2\/posts\/4646","targetHints":{"allow":["GET"]}}],"collection":[{"href":"https:\/\/www.abchukuk.com\/index.php\/wp-json\/wp\/v2\/posts"}],"about":[{"href":"https:\/\/www.abchukuk.com\/index.php\/wp-json\/wp\/v2\/types\/post"}],"author":[{"embeddable":true,"href":"https:\/\/www.abchukuk.com\/index.php\/wp-json\/wp\/v2\/users\/1"}],"replies":[{"embeddable":true,"href":"https:\/\/www.abchukuk.com\/index.php\/wp-json\/wp\/v2\/comments?post=4646"}],"version-history":[{"count":0,"href":"https:\/\/www.abchukuk.com\/index.php\/wp-json\/wp\/v2\/posts\/4646\/revisions"}],"wp:featuredmedia":[{"embeddable":true,"href":"https:\/\/www.abchukuk.com\/index.php\/wp-json\/wp\/v2\/media\/4647"}],"wp:attachment":[{"href":"https:\/\/www.abchukuk.com\/index.php\/wp-json\/wp\/v2\/media?parent=4646"}],"wp:term":[{"taxonomy":"category","embeddable":true,"href":"https:\/\/www.abchukuk.com\/index.php\/wp-json\/wp\/v2\/categories?post=4646"},{"taxonomy":"post_tag","embeddable":true,"href":"https:\/\/www.abchukuk.com\/index.php\/wp-json\/wp\/v2\/tags?post=4646"}],"curies":[{"name":"wp","href":"https:\/\/api.w.org\/{rel}","templated":true}]}}