{"id":4642,"date":"2025-09-12T11:34:00","date_gmt":"2025-09-12T11:34:00","guid":{"rendered":"https:\/\/www.abchukuk.com\/index.php\/2025\/09\/12\/diploma-davasinda-ilk-durusma-imamoglu-hakim-karsisinda\/"},"modified":"2025-09-12T11:34:00","modified_gmt":"2025-09-12T11:34:00","slug":"diploma-davasinda-ilk-durusma-imamoglu-hakim-karsisinda","status":"publish","type":"post","link":"https:\/\/www.abchukuk.com\/index.php\/2025\/09\/12\/diploma-davasinda-ilk-durusma-imamoglu-hakim-karsisinda\/","title":{"rendered":"Diploma davas\u0131nda ilk duru\u015fma: \u0130mamo\u011flu hakim kar\u015f\u0131s\u0131nda"},"content":{"rendered":"<p>\u0130stanbul B\u00fcy\u00fck\u015fehir Belediye Ba\u015fkanl\u0131\u011f\u0131 g\u00f6revinden uzakla\u015ft\u0131r\u0131larak tutuklanan Ekrem \u0130mamo\u011flu\u2019nun \u201csahte diploma\u201d iddias\u0131yla 8 y\u0131l 9 aya kadar hapis talebiyle yarg\u0131land\u0131\u011f\u0131 davan\u0131n ilk duru\u015fmas\u0131na ara verildi. Marmara Ceza \u0130nfaz Kurumlar\u0131\u2019nda g\u00f6r\u00fclen duru\u015fmada \u0130mamo\u011flu savunmas\u0131n\u0131 yaparken, SEGB\u0130S kay\u0131t s\u00fcresinin dolmas\u0131 nedeniyle mahkeme heyeti oturuma k\u0131sa bir ara verdi.\u0130stanbul B\u00fcy\u00fck\u015fehir Belediye Ba\u015fkanl\u0131\u011f\u0131 g\u00f6revinden uzakla\u015ft\u0131r\u0131larak tutuklanan Ekrem \u0130mamo\u011flu\u2019nun \u201csahte diploma\u201d iddias\u0131yla 8 y\u0131l 9 aya kadar hapis talebiyle yarg\u0131land\u0131\u011f\u0131 davan\u0131n ilk duru\u015fmas\u0131na ara verildi. Marmara Ceza \u0130nfaz Kurumlar\u0131\u2019nda g\u00f6r\u00fclen duru\u015fmada \u0130mamo\u011flu savunmas\u0131n\u0131 yaparken, SEGB\u0130S kay\u0131t s\u00fcresinin dolmas\u0131 nedeniyle mahkeme heyeti oturuma k\u0131sa bir ara verdi.\u00a0<a href=\"https:\/\/www.dunya.com\/gundem\/diploma-davasinda-ilk-durusma-imamoglu-hakim-karsisinda-haberi-793796\" target=\"_blank\" class=\"feedzy-rss-link-icon\">Read More<\/a><\/p>","protected":false},"excerpt":{"rendered":"<p>\u0130stanbul B\u00fcy\u00fck\u015fehir Belediye Ba\u015fkanl\u0131\u011f\u0131 g\u00f6revinden uzakla\u015ft\u0131r\u0131larak tutuklanan Ekrem \u0130mamo\u011flu\u2019nun \u201csahte diploma\u201d iddias\u0131yla 8 y\u0131l 9 aya kadar hapis talebiyle yarg\u0131land\u0131\u011f\u0131 davan\u0131n ilk duru\u015fmas\u0131na ara verildi. Marmara Ceza \u0130nfaz Kurumlar\u0131\u2019nda g\u00f6r\u00fclen duru\u015fmada \u0130mamo\u011flu savunmas\u0131n\u0131 yaparken, SEGB\u0130S kay\u0131t s\u00fcresinin dolmas\u0131 nedeniyle mahkeme heyeti oturuma k\u0131sa bir ara verdi.\u0130stanbul B\u00fcy\u00fck\u015fehir Belediye Ba\u015fkanl\u0131\u011f\u0131 g\u00f6revinden uzakla\u015ft\u0131r\u0131larak tutuklanan Ekrem \u0130mamo\u011flu\u2019nun \u201csahte [&hellip;]<\/p>\n","protected":false},"author":1,"featured_media":4643,"comment_status":"open","ping_status":"open","sticky":false,"template":"","format":"standard","meta":{"footnotes":"","_links_to":"","_links_to_target":""},"categories":[1],"tags":[],"class_list":["post-4642","post","type-post","status-publish","format-standard","has-post-thumbnail","hentry","category-haberler"],"_links":{"self":[{"href":"https:\/\/www.abchukuk.com\/index.php\/wp-json\/wp\/v2\/posts\/4642","targetHints":{"allow":["GET"]}}],"collection":[{"href":"https:\/\/www.abchukuk.com\/index.php\/wp-json\/wp\/v2\/posts"}],"about":[{"href":"https:\/\/www.abchukuk.com\/index.php\/wp-json\/wp\/v2\/types\/post"}],"author":[{"embeddable":true,"href":"https:\/\/www.abchukuk.com\/index.php\/wp-json\/wp\/v2\/users\/1"}],"replies":[{"embeddable":true,"href":"https:\/\/www.abchukuk.com\/index.php\/wp-json\/wp\/v2\/comments?post=4642"}],"version-history":[{"count":0,"href":"https:\/\/www.abchukuk.com\/index.php\/wp-json\/wp\/v2\/posts\/4642\/revisions"}],"wp:featuredmedia":[{"embeddable":true,"href":"https:\/\/www.abchukuk.com\/index.php\/wp-json\/wp\/v2\/media\/4643"}],"wp:attachment":[{"href":"https:\/\/www.abchukuk.com\/index.php\/wp-json\/wp\/v2\/media?parent=4642"}],"wp:term":[{"taxonomy":"category","embeddable":true,"href":"https:\/\/www.abchukuk.com\/index.php\/wp-json\/wp\/v2\/categories?post=4642"},{"taxonomy":"post_tag","embeddable":true,"href":"https:\/\/www.abchukuk.com\/index.php\/wp-json\/wp\/v2\/tags?post=4642"}],"curies":[{"name":"wp","href":"https:\/\/api.w.org\/{rel}","templated":true}]}}