{"id":4640,"date":"2025-09-12T11:42:00","date_gmt":"2025-09-12T11:42:00","guid":{"rendered":"https:\/\/www.abchukuk.com\/index.php\/2025\/09\/12\/yilmaz-tunctan-12-eylulde-anayasa-cikisi-chp-kurultay-davasi-sorusuna-da-yanit-verdi\/"},"modified":"2025-09-12T11:42:00","modified_gmt":"2025-09-12T11:42:00","slug":"yilmaz-tunctan-12-eylulde-anayasa-cikisi-chp-kurultay-davasi-sorusuna-da-yanit-verdi","status":"publish","type":"post","link":"https:\/\/www.abchukuk.com\/index.php\/2025\/09\/12\/yilmaz-tunctan-12-eylulde-anayasa-cikisi-chp-kurultay-davasi-sorusuna-da-yanit-verdi\/","title":{"rendered":"Y\u0131lmaz Tun\u00e7&#8217;tan, 12 Eyl\u00fcl&#8217;de &#8216;anayasa&#8217; \u00e7\u0131k\u0131\u015f\u0131: &#8216;CHP kurultay davas\u0131&#8217; sorusuna da yan\u0131t verdi!"},"content":{"rendered":"<p>Adalet Bakan\u0131 Y\u0131lmaz Tun\u00e7, 12 Eyl\u00fcl darbesinin y\u0131l d\u00f6n\u00fcm\u00fcnde yapt\u0131\u011f\u0131 a\u00e7\u0131klamada, yeni anayasa mesaj\u0131 verdi. Tun\u00e7, &#8220;Darbe anayasas\u0131yla y\u00f6netilmekten memnun de\u011filiz. Bu anayasan\u0131n de\u011fi\u015fmesi laz\u0131m&#8221; dedi.Adalet Bakan\u0131 Y\u0131lmaz Tun\u00e7, 12 Eyl\u00fcl darbesinin y\u0131l d\u00f6n\u00fcm\u00fcnde yapt\u0131\u011f\u0131 a\u00e7\u0131klamada, yeni anayasa mesaj\u0131 verdi. Tun\u00e7, &#8220;Darbe anayasas\u0131yla y\u00f6netilmekten memnun de\u011filiz. Bu anayasan\u0131n de\u011fi\u015fmesi laz\u0131m&#8221; dedi.\u00a0<a href=\"https:\/\/www.cumhuriyet.com.tr\/siyaset\/yilmaz-tunc-tan-12-eylul-de-anayasa-cikisi-chp-kurultay-davasi-sorusuna-da-yanit-verdi-2434545\" target=\"_blank\" class=\"feedzy-rss-link-icon\">Read More<\/a><\/p>","protected":false},"excerpt":{"rendered":"<p>Adalet Bakan\u0131 Y\u0131lmaz Tun\u00e7, 12 Eyl\u00fcl darbesinin y\u0131l d\u00f6n\u00fcm\u00fcnde yapt\u0131\u011f\u0131 a\u00e7\u0131klamada, yeni anayasa mesaj\u0131 verdi. Tun\u00e7, &#8220;Darbe anayasas\u0131yla y\u00f6netilmekten memnun de\u011filiz. Bu anayasan\u0131n de\u011fi\u015fmesi laz\u0131m&#8221; dedi.Adalet Bakan\u0131 Y\u0131lmaz Tun\u00e7, 12 Eyl\u00fcl darbesinin y\u0131l d\u00f6n\u00fcm\u00fcnde yapt\u0131\u011f\u0131 a\u00e7\u0131klamada, yeni anayasa mesaj\u0131 verdi. Tun\u00e7, &#8220;Darbe anayasas\u0131yla y\u00f6netilmekten memnun de\u011filiz. Bu anayasan\u0131n de\u011fi\u015fmesi laz\u0131m&#8221; dedi.\u00a0Read More<\/p>\n","protected":false},"author":1,"featured_media":4641,"comment_status":"open","ping_status":"open","sticky":false,"template":"","format":"standard","meta":{"footnotes":"","_links_to":"","_links_to_target":""},"categories":[1],"tags":[],"class_list":["post-4640","post","type-post","status-publish","format-standard","has-post-thumbnail","hentry","category-haberler"],"_links":{"self":[{"href":"https:\/\/www.abchukuk.com\/index.php\/wp-json\/wp\/v2\/posts\/4640","targetHints":{"allow":["GET"]}}],"collection":[{"href":"https:\/\/www.abchukuk.com\/index.php\/wp-json\/wp\/v2\/posts"}],"about":[{"href":"https:\/\/www.abchukuk.com\/index.php\/wp-json\/wp\/v2\/types\/post"}],"author":[{"embeddable":true,"href":"https:\/\/www.abchukuk.com\/index.php\/wp-json\/wp\/v2\/users\/1"}],"replies":[{"embeddable":true,"href":"https:\/\/www.abchukuk.com\/index.php\/wp-json\/wp\/v2\/comments?post=4640"}],"version-history":[{"count":0,"href":"https:\/\/www.abchukuk.com\/index.php\/wp-json\/wp\/v2\/posts\/4640\/revisions"}],"wp:featuredmedia":[{"embeddable":true,"href":"https:\/\/www.abchukuk.com\/index.php\/wp-json\/wp\/v2\/media\/4641"}],"wp:attachment":[{"href":"https:\/\/www.abchukuk.com\/index.php\/wp-json\/wp\/v2\/media?parent=4640"}],"wp:term":[{"taxonomy":"category","embeddable":true,"href":"https:\/\/www.abchukuk.com\/index.php\/wp-json\/wp\/v2\/categories?post=4640"},{"taxonomy":"post_tag","embeddable":true,"href":"https:\/\/www.abchukuk.com\/index.php\/wp-json\/wp\/v2\/tags?post=4640"}],"curies":[{"name":"wp","href":"https:\/\/api.w.org\/{rel}","templated":true}]}}