{"id":4630,"date":"2025-09-12T10:01:53","date_gmt":"2025-09-12T10:01:53","guid":{"rendered":"https:\/\/www.abchukuk.com\/index.php\/2025\/09\/12\/anayasa-mahkemesinden-onemli-karar-artik-o-ulkedeki-erkekler-de-eslerinin-soyadini-alabilecek\/"},"modified":"2025-09-12T10:01:53","modified_gmt":"2025-09-12T10:01:53","slug":"anayasa-mahkemesinden-onemli-karar-artik-o-ulkedeki-erkekler-de-eslerinin-soyadini-alabilecek","status":"publish","type":"post","link":"https:\/\/www.abchukuk.com\/index.php\/2025\/09\/12\/anayasa-mahkemesinden-onemli-karar-artik-o-ulkedeki-erkekler-de-eslerinin-soyadini-alabilecek\/","title":{"rendered":"Anayasa Mahkemesi\u2019nden \u00d6nemli Karar! Art\u0131k O \u00dclkedeki Erkekler de E\u015flerinin Soyad\u0131n\u0131 Alabilecek"},"content":{"rendered":"<p><a href=\"https:\/\/www.gercekgundem.com\/yasam\/anayasa-mahkemesinden-onemli-karar-artik-o-ulkedeki-erkekler-de-eslerinin-soyadini-alabilecek-554978\"><br \/>\n                                                            <img decoding=\"async\" src=\"https:\/\/i.gercekgundem.com\/2\/150\/84\/storage\/files\/images\/2025\/09\/12\/anayasa-mahkemesinden-onemli-karar-artik-o-ulkedeki-erkekler-de-eslerinin-soyadini-alabilecek-9qfr.jpg\" width=\"150\" height=\"84\" border=\"0\" align=\"right\" \/><br \/>\n                                                    <\/a><\/p>\n<h4>G\u00fcney Afrika Anayasa Mahkemesi, yaln\u0131zca kad\u0131nlara tan\u0131nan soyad\u0131 hakk\u0131n\u0131n erkeklere kapal\u0131 olmas\u0131n\u0131 e\u015fitli\u011fe ayk\u0131r\u0131 buldu. Yeni kararla birlikte erkekler de evlilikte e\u015flerinin soyad\u0131n\u0131 alabilecek.<\/h4>\n<p>G\u00fcney Afrika Anayasa Mahkemesi, yaln\u0131zca kad\u0131nlara tan\u0131nan soyad\u0131 hakk\u0131n\u0131n erkeklere kapal\u0131 olmas\u0131n\u0131 e\u015fitli\u011fe ayk\u0131r\u0131 buldu. Yeni kararla birlikte erkekler de evlilikte e\u015flerinin soyad\u0131n\u0131 alabilecek.\u00a0<a href=\"https:\/\/www.gercekgundem.com\/yasam\/anayasa-mahkemesinden-onemli-karar-artik-o-ulkedeki-erkekler-de-eslerinin-soyadini-alabilecek-554978\" target=\"_blank\" class=\"feedzy-rss-link-icon\">Read More<\/a><\/p>","protected":false},"excerpt":{"rendered":"<p>G\u00fcney Afrika Anayasa Mahkemesi, yaln\u0131zca kad\u0131nlara tan\u0131nan soyad\u0131 hakk\u0131n\u0131n erkeklere kapal\u0131 olmas\u0131n\u0131 e\u015fitli\u011fe ayk\u0131r\u0131 buldu. Yeni kararla birlikte erkekler de evlilikte e\u015flerinin soyad\u0131n\u0131 alabilecek. G\u00fcney Afrika Anayasa Mahkemesi, yaln\u0131zca kad\u0131nlara tan\u0131nan soyad\u0131 hakk\u0131n\u0131n erkeklere kapal\u0131 olmas\u0131n\u0131 e\u015fitli\u011fe ayk\u0131r\u0131 buldu. Yeni kararla birlikte erkekler de evlilikte e\u015flerinin soyad\u0131n\u0131 alabilecek.\u00a0Read More<\/p>\n","protected":false},"author":1,"featured_media":4631,"comment_status":"open","ping_status":"open","sticky":false,"template":"","format":"standard","meta":{"footnotes":"","_links_to":"","_links_to_target":""},"categories":[1],"tags":[],"class_list":["post-4630","post","type-post","status-publish","format-standard","has-post-thumbnail","hentry","category-haberler"],"_links":{"self":[{"href":"https:\/\/www.abchukuk.com\/index.php\/wp-json\/wp\/v2\/posts\/4630","targetHints":{"allow":["GET"]}}],"collection":[{"href":"https:\/\/www.abchukuk.com\/index.php\/wp-json\/wp\/v2\/posts"}],"about":[{"href":"https:\/\/www.abchukuk.com\/index.php\/wp-json\/wp\/v2\/types\/post"}],"author":[{"embeddable":true,"href":"https:\/\/www.abchukuk.com\/index.php\/wp-json\/wp\/v2\/users\/1"}],"replies":[{"embeddable":true,"href":"https:\/\/www.abchukuk.com\/index.php\/wp-json\/wp\/v2\/comments?post=4630"}],"version-history":[{"count":0,"href":"https:\/\/www.abchukuk.com\/index.php\/wp-json\/wp\/v2\/posts\/4630\/revisions"}],"wp:featuredmedia":[{"embeddable":true,"href":"https:\/\/www.abchukuk.com\/index.php\/wp-json\/wp\/v2\/media\/4631"}],"wp:attachment":[{"href":"https:\/\/www.abchukuk.com\/index.php\/wp-json\/wp\/v2\/media?parent=4630"}],"wp:term":[{"taxonomy":"category","embeddable":true,"href":"https:\/\/www.abchukuk.com\/index.php\/wp-json\/wp\/v2\/categories?post=4630"},{"taxonomy":"post_tag","embeddable":true,"href":"https:\/\/www.abchukuk.com\/index.php\/wp-json\/wp\/v2\/tags?post=4630"}],"curies":[{"name":"wp","href":"https:\/\/api.w.org\/{rel}","templated":true}]}}