{"id":4622,"date":"2025-09-12T10:41:00","date_gmt":"2025-09-12T10:41:00","guid":{"rendered":"https:\/\/www.abchukuk.com\/index.php\/2025\/09\/12\/isverenin-maasi-dusuk-gosterme-oyunu-bozuldu-yargitay-noktayi-koydu-calisanlarin-yuzunu-guldurecek-karar\/"},"modified":"2025-09-12T10:41:00","modified_gmt":"2025-09-12T10:41:00","slug":"isverenin-maasi-dusuk-gosterme-oyunu-bozuldu-yargitay-noktayi-koydu-calisanlarin-yuzunu-guldurecek-karar","status":"publish","type":"post","link":"https:\/\/www.abchukuk.com\/index.php\/2025\/09\/12\/isverenin-maasi-dusuk-gosterme-oyunu-bozuldu-yargitay-noktayi-koydu-calisanlarin-yuzunu-guldurecek-karar\/","title":{"rendered":"\u0130\u015fverenin Maa\u015f\u0131 D\u00fc\u015f\u00fck G\u00f6sterme Oyunu Bozuldu! Yarg\u0131tay Noktay\u0131 Koydu! \u00c7al\u0131\u015fanlar\u0131n Y\u00fcz\u00fcn\u00fc G\u00fcld\u00fcrecek Karar"},"content":{"rendered":"<p><a href=\"https:\/\/www.gercekgundem.com\/ekonomi\/isverenin-maasi-dusuk-gosterme-oyunu-bozuldu-yargitay-noktayi-koydu-calisanlarin-yuzunu-guldurecek-karar-554983\"><br \/>\n                                                            <img decoding=\"async\" src=\"https:\/\/i.gercekgundem.com\/2\/150\/84\/storage\/files\/images\/2025\/09\/12\/isverenin-maasi-dusuk-gosterme-oyunu-bozuldu-yargitay-noktayi-koydu-calisanlarin-yuzunu-guldurecek-karar-ta7z.jpg\" width=\"150\" height=\"84\" border=\"0\" align=\"right\" \/><br \/>\n                                                    <\/a><\/p>\n<h4>\u0130\u015fverenlerin maa\u015f\u0131 d\u00fc\u015f\u00fck g\u00f6stererek \u00e7al\u0131\u015fanlar\u0131n emekli maa\u015f\u0131n\u0131, tazminat\u0131n\u0131 ve fazla mesaisini eksiltmesine kar\u015f\u0131 Yarg\u0131tay\u2019dan emsal karar \u00e7\u0131kt\u0131. Art\u0131k i\u015f\u00e7ilerin alacaklar\u0131 ger\u00e7ek \u00fccretleri \u00fczerinden hesaplanacak.<\/h4>\n<p>\u0130\u015fverenlerin maa\u015f\u0131 d\u00fc\u015f\u00fck g\u00f6stererek \u00e7al\u0131\u015fanlar\u0131n emekli maa\u015f\u0131n\u0131, tazminat\u0131n\u0131 ve fazla mesaisini eksiltmesine kar\u015f\u0131 Yarg\u0131tay\u2019dan emsal karar \u00e7\u0131kt\u0131. Art\u0131k i\u015f\u00e7ilerin alacaklar\u0131 ger\u00e7ek \u00fccretleri \u00fczerinden hesaplanacak.\u00a0<a href=\"https:\/\/www.gercekgundem.com\/ekonomi\/isverenin-maasi-dusuk-gosterme-oyunu-bozuldu-yargitay-noktayi-koydu-calisanlarin-yuzunu-guldurecek-karar-554983\" target=\"_blank\" class=\"feedzy-rss-link-icon\">Read More<\/a><\/p>","protected":false},"excerpt":{"rendered":"<p>\u0130\u015fverenlerin maa\u015f\u0131 d\u00fc\u015f\u00fck g\u00f6stererek \u00e7al\u0131\u015fanlar\u0131n emekli maa\u015f\u0131n\u0131, tazminat\u0131n\u0131 ve fazla mesaisini eksiltmesine kar\u015f\u0131 Yarg\u0131tay\u2019dan emsal karar \u00e7\u0131kt\u0131. Art\u0131k i\u015f\u00e7ilerin alacaklar\u0131 ger\u00e7ek \u00fccretleri \u00fczerinden hesaplanacak. \u0130\u015fverenlerin maa\u015f\u0131 d\u00fc\u015f\u00fck g\u00f6stererek \u00e7al\u0131\u015fanlar\u0131n emekli maa\u015f\u0131n\u0131, tazminat\u0131n\u0131 ve fazla mesaisini eksiltmesine kar\u015f\u0131 Yarg\u0131tay\u2019dan emsal karar \u00e7\u0131kt\u0131. Art\u0131k i\u015f\u00e7ilerin alacaklar\u0131 ger\u00e7ek \u00fccretleri \u00fczerinden hesaplanacak.\u00a0Read More<\/p>\n","protected":false},"author":1,"featured_media":4623,"comment_status":"open","ping_status":"open","sticky":false,"template":"","format":"standard","meta":{"footnotes":"","_links_to":"","_links_to_target":""},"categories":[1],"tags":[],"class_list":["post-4622","post","type-post","status-publish","format-standard","has-post-thumbnail","hentry","category-haberler"],"_links":{"self":[{"href":"https:\/\/www.abchukuk.com\/index.php\/wp-json\/wp\/v2\/posts\/4622","targetHints":{"allow":["GET"]}}],"collection":[{"href":"https:\/\/www.abchukuk.com\/index.php\/wp-json\/wp\/v2\/posts"}],"about":[{"href":"https:\/\/www.abchukuk.com\/index.php\/wp-json\/wp\/v2\/types\/post"}],"author":[{"embeddable":true,"href":"https:\/\/www.abchukuk.com\/index.php\/wp-json\/wp\/v2\/users\/1"}],"replies":[{"embeddable":true,"href":"https:\/\/www.abchukuk.com\/index.php\/wp-json\/wp\/v2\/comments?post=4622"}],"version-history":[{"count":0,"href":"https:\/\/www.abchukuk.com\/index.php\/wp-json\/wp\/v2\/posts\/4622\/revisions"}],"wp:featuredmedia":[{"embeddable":true,"href":"https:\/\/www.abchukuk.com\/index.php\/wp-json\/wp\/v2\/media\/4623"}],"wp:attachment":[{"href":"https:\/\/www.abchukuk.com\/index.php\/wp-json\/wp\/v2\/media?parent=4622"}],"wp:term":[{"taxonomy":"category","embeddable":true,"href":"https:\/\/www.abchukuk.com\/index.php\/wp-json\/wp\/v2\/categories?post=4622"},{"taxonomy":"post_tag","embeddable":true,"href":"https:\/\/www.abchukuk.com\/index.php\/wp-json\/wp\/v2\/tags?post=4622"}],"curies":[{"name":"wp","href":"https:\/\/api.w.org\/{rel}","templated":true}]}}