{"id":4613,"date":"2025-09-12T09:02:19","date_gmt":"2025-09-12T09:02:19","guid":{"rendered":"https:\/\/www.abchukuk.com\/index.php\/2025\/09\/12\/2-polis-sehit-olmustu-izmirde-karakola-saldiri-sorusturmasi-10-supheli-adliyeye-sevk-edildi\/"},"modified":"2025-09-12T09:02:19","modified_gmt":"2025-09-12T09:02:19","slug":"2-polis-sehit-olmustu-izmirde-karakola-saldiri-sorusturmasi-10-supheli-adliyeye-sevk-edildi","status":"publish","type":"post","link":"https:\/\/www.abchukuk.com\/index.php\/2025\/09\/12\/2-polis-sehit-olmustu-izmirde-karakola-saldiri-sorusturmasi-10-supheli-adliyeye-sevk-edildi\/","title":{"rendered":"2 Polis \u015eehit Olmu\u015ftu&#8230; \u0130zmir&#8217;de Karakola Sald\u0131r\u0131 Soru\u015fturmas\u0131: 10 \u015e\u00fcpheli Adliyeye Sevk Edildi"},"content":{"rendered":"<p><a href=\"https:\/\/www.gercekgundem.com\/guncel\/2-polis-sehit-olmustu-izmirde-karakola-saldiri-sorusturmasi-10-supheli-adliyeye-sevk-edildi-554969\"><br \/>\n                                                            <img decoding=\"async\" src=\"https:\/\/i.gercekgundem.com\/2\/150\/84\/storage\/files\/images\/2025\/09\/12\/2-polis-sehit-olmustu-izmirde-karakola-saldiri-sorusturmasi-10-supheli-adliyeye-sevk-edildi-fd4e.jpg\" width=\"150\" height=\"84\" border=\"0\" align=\"right\" \/><br \/>\n                                                    <\/a><\/p>\n<h4>\u0130zmir Bal\u00e7ova\u2019daki Salih \u0130\u015fg\u00f6ren Polis Merkezi\u2019ne 8 Eyl\u00fcl\u2019de d\u00fczenlenen, iki polisin \u015fehit oldu\u011fu silahl\u0131 sald\u0131r\u0131ya ili\u015fkin soru\u015fturmada, sald\u0131rgan\u0131n anne ve babas\u0131n\u0131n da aralar\u0131nda bulundu\u011fu 10 ki\u015fi adliyeye sevk edildi. \u0130fade i\u015flemleri s\u00fcr\u00fcyor, soru\u015fturma \u00e7ok y\u00f6nl\u00fc devam ediyor.<\/h4>\n<p>\u0130zmir Bal\u00e7ova\u2019daki Salih \u0130\u015fg\u00f6ren Polis Merkezi\u2019ne 8 Eyl\u00fcl\u2019de d\u00fczenlenen, iki polisin \u015fehit oldu\u011fu silahl\u0131 sald\u0131r\u0131ya ili\u015fkin soru\u015fturmada, sald\u0131rgan\u0131n anne ve babas\u0131n\u0131n da aralar\u0131nda bulundu\u011fu 10 ki\u015fi adliyeye sevk edildi. \u0130fade i\u015flemleri s\u00fcr\u00fcyor, soru\u015fturma \u00e7ok y\u00f6nl\u00fc devam ediyor.\u00a0<a href=\"https:\/\/www.gercekgundem.com\/guncel\/2-polis-sehit-olmustu-izmirde-karakola-saldiri-sorusturmasi-10-supheli-adliyeye-sevk-edildi-554969\" target=\"_blank\" class=\"feedzy-rss-link-icon\">Read More<\/a><\/p>","protected":false},"excerpt":{"rendered":"<p>\u0130zmir Bal\u00e7ova\u2019daki Salih \u0130\u015fg\u00f6ren Polis Merkezi\u2019ne 8 Eyl\u00fcl\u2019de d\u00fczenlenen, iki polisin \u015fehit oldu\u011fu silahl\u0131 sald\u0131r\u0131ya ili\u015fkin soru\u015fturmada, sald\u0131rgan\u0131n anne ve babas\u0131n\u0131n da aralar\u0131nda bulundu\u011fu 10 ki\u015fi adliyeye sevk edildi. \u0130fade i\u015flemleri s\u00fcr\u00fcyor, soru\u015fturma \u00e7ok y\u00f6nl\u00fc devam ediyor. \u0130zmir Bal\u00e7ova\u2019daki Salih \u0130\u015fg\u00f6ren Polis Merkezi\u2019ne 8 Eyl\u00fcl\u2019de d\u00fczenlenen, iki polisin \u015fehit oldu\u011fu silahl\u0131 sald\u0131r\u0131ya ili\u015fkin soru\u015fturmada, sald\u0131rgan\u0131n [&hellip;]<\/p>\n","protected":false},"author":1,"featured_media":4614,"comment_status":"open","ping_status":"open","sticky":false,"template":"","format":"standard","meta":{"footnotes":"","_links_to":"","_links_to_target":""},"categories":[1],"tags":[],"class_list":["post-4613","post","type-post","status-publish","format-standard","has-post-thumbnail","hentry","category-haberler"],"_links":{"self":[{"href":"https:\/\/www.abchukuk.com\/index.php\/wp-json\/wp\/v2\/posts\/4613","targetHints":{"allow":["GET"]}}],"collection":[{"href":"https:\/\/www.abchukuk.com\/index.php\/wp-json\/wp\/v2\/posts"}],"about":[{"href":"https:\/\/www.abchukuk.com\/index.php\/wp-json\/wp\/v2\/types\/post"}],"author":[{"embeddable":true,"href":"https:\/\/www.abchukuk.com\/index.php\/wp-json\/wp\/v2\/users\/1"}],"replies":[{"embeddable":true,"href":"https:\/\/www.abchukuk.com\/index.php\/wp-json\/wp\/v2\/comments?post=4613"}],"version-history":[{"count":0,"href":"https:\/\/www.abchukuk.com\/index.php\/wp-json\/wp\/v2\/posts\/4613\/revisions"}],"wp:featuredmedia":[{"embeddable":true,"href":"https:\/\/www.abchukuk.com\/index.php\/wp-json\/wp\/v2\/media\/4614"}],"wp:attachment":[{"href":"https:\/\/www.abchukuk.com\/index.php\/wp-json\/wp\/v2\/media?parent=4613"}],"wp:term":[{"taxonomy":"category","embeddable":true,"href":"https:\/\/www.abchukuk.com\/index.php\/wp-json\/wp\/v2\/categories?post=4613"},{"taxonomy":"post_tag","embeddable":true,"href":"https:\/\/www.abchukuk.com\/index.php\/wp-json\/wp\/v2\/tags?post=4613"}],"curies":[{"name":"wp","href":"https:\/\/api.w.org\/{rel}","templated":true}]}}